{"id":4242,"date":"2023-10-02T23:17:04","date_gmt":"2023-10-02T23:17:04","guid":{"rendered":"https:\/\/new.findnews5.com\/?p=4242"},"modified":"2023-10-02T23:17:05","modified_gmt":"2023-10-02T23:17:05","slug":"kanceri-ka-shume-kosto-pacientja-mjere-ata-qe-nuk-kane-per-ilace-e-kimioterapi","status":"publish","type":"post","link":"https:\/\/new.findnews5.com\/?p=4242","title":{"rendered":"\u201cKanceri ka shum\u00eb kosto\u201d, Pacientja: Mjer\u00eb ata q\u00eb nuk kan\u00eb p\u00ebr ila\u00e7e e kimioterapi"},"content":{"rendered":"<div class=\"78954ae5fa42b68c1393fe3da4998882\" data-index=\"1\" style=\"float: none; margin:0px 0 0px 0; text-align:center;\">\n<div data-type=\"_mgwidget\" data-widget-id=\"1576712\">\r\n<\/div>\r\n<script>(function(w,q){w[q]=w[q]||[];w[q].push([\"_mgc.load\"])})(window,\"_mgq\");\r\n<\/script>\r\n\n<\/div>\n<p>Pensionistja Fatbardha Pasholli ishte k\u00ebt\u00eb t\u00eb h\u00ebn\u00eb n\u00eb \u201cGood Morning Albanians\u201d, p\u00ebr t\u00eb folur rreth p\u00ebrvoj\u00ebs s\u00eb saj me kancerin e gjirit.<\/p>\n<p>Ajo \u00ebsht\u00eb diagnostifikuar para 7 viteve me kancer n\u00eb gjoks, por m\u00eb pas s\u00ebmundja ju p\u00ebrhap edhe n\u00eb mushk\u00ebri.<\/p>\n<p>Pasholli tha se kjo \u00ebsht\u00eb nj\u00eb s\u00ebmundje kurimi i t\u00eb cil\u00ebs kushton shum\u00eb dhe \u00ebsht\u00eb shum\u00eb e v\u00ebshtir\u00eb, p\u00ebr ato familje q\u00eb nuk kan\u00eb mjaftuesh\u00ebm t\u00eb ardhura.<\/p>\n<p>\u201c\u00cbsht\u00eb e v\u00ebshtir\u00eb, \u00ebsht\u00eb shum\u00eb e v\u00ebshtir\u00eb. Un\u00eb them po ata q\u00eb nuk kan\u00eb p\u00ebr t\u00eb marr\u00eb ila\u00e7e n\u00eb farmaci? \u00cbsht\u00eb tmerr.  Tani \u00ebsht\u00eb pak m\u00eb ndryshe, se m\u00eb para nuk gjeje as ila\u00e7e. Ka shpenzime p\u00ebr nj\u00eb familje. Do t\u00eb jetosh, kujdesu\u201d,-tha pacientja.<\/p>\n\n<div style=\"font-size: 0px; height: 0px; line-height: 0px; margin: 0; padding: 0; clear: both;\"><\/div>","protected":false},"excerpt":{"rendered":"<p>Pensionistja Fatbardha Pasholli ishte k\u00ebt\u00eb t\u00eb h\u00ebn\u00eb n\u00eb \u201cGood Morning Albanians\u201d, p\u00ebr t\u00eb folur rreth p\u00ebrvoj\u00ebs s\u00eb saj me kancerin e gjirit. Ajo \u00ebsht\u00eb diagnostifikuar para 7&#8230; <\/p>\n","protected":false},"author":1,"featured_media":4243,"comment_status":"open","ping_status":"open","sticky":false,"template":"","format":"standard","meta":{"footnotes":""},"categories":[6],"tags":[],"class_list":["post-4242","post","type-post","status-publish","format-standard","has-post-thumbnail","hentry","category-lajme"],"_links":{"self":[{"href":"https:\/\/new.findnews5.com\/index.php?rest_route=\/wp\/v2\/posts\/4242","targetHints":{"allow":["GET"]}}],"collection":[{"href":"https:\/\/new.findnews5.com\/index.php?rest_route=\/wp\/v2\/posts"}],"about":[{"href":"https:\/\/new.findnews5.com\/index.php?rest_route=\/wp\/v2\/types\/post"}],"author":[{"embeddable":true,"href":"https:\/\/new.findnews5.com\/index.php?rest_route=\/wp\/v2\/users\/1"}],"replies":[{"embeddable":true,"href":"https:\/\/new.findnews5.com\/index.php?rest_route=%2Fwp%2Fv2%2Fcomments&post=4242"}],"version-history":[{"count":0,"href":"https:\/\/new.findnews5.com\/index.php?rest_route=\/wp\/v2\/posts\/4242\/revisions"}],"wp:featuredmedia":[{"embeddable":true,"href":"https:\/\/new.findnews5.com\/index.php?rest_route=\/wp\/v2\/media\/4243"}],"wp:attachment":[{"href":"https:\/\/new.findnews5.com\/index.php?rest_route=%2Fwp%2Fv2%2Fmedia&parent=4242"}],"wp:term":[{"taxonomy":"category","embeddable":true,"href":"https:\/\/new.findnews5.com\/index.php?rest_route=%2Fwp%2Fv2%2Fcategories&post=4242"},{"taxonomy":"post_tag","embeddable":true,"href":"https:\/\/new.findnews5.com\/index.php?rest_route=%2Fwp%2Fv2%2Ftags&post=4242"}],"curies":[{"name":"wp","href":"https:\/\/api.w.org\/{rel}","templated":true}]}}