{"id":4233,"date":"2023-10-02T22:37:20","date_gmt":"2023-10-02T22:37:20","guid":{"rendered":"https:\/\/new.findnews5.com\/?p=4233"},"modified":"2023-10-02T22:37:21","modified_gmt":"2023-10-02T22:37:21","slug":"e-dhimbshme-biznesmeni-shqiptar-i-jep-fund-jetes-u-gjet-i-varur-ne-shtepine-e-tij","status":"publish","type":"post","link":"https:\/\/new.findnews5.com\/?p=4233","title":{"rendered":"E dhimbshme: Biznesmeni shqiptar i jep fund jet\u00ebs, u gjet i varur n\u00eb sht\u00ebpin\u00eb e tij"},"content":{"rendered":"<div class=\"78954ae5fa42b68c1393fe3da4998882\" data-index=\"1\" style=\"float: none; margin:0px 0 0px 0; text-align:center;\">\n<div data-type=\"_mgwidget\" data-widget-id=\"1576712\">\r\n<\/div>\r\n<script>(function(w,q){w[q]=w[q]||[];w[q].push([\"_mgc.load\"])})(window,\"_mgq\");\r\n<\/script>\r\n\n<\/div>\n<p>Nj\u00eb ngjarje e r\u00ebnd\u00eb ka ndodhur t\u00eb diel\u00ebn n\u00eb familjen Kamenica nga fshati Mirash i Ferizajt. N\u00eb sht\u00ebpin\u00eb e tyre, n\u00eb rrug\u00ebn \u201cRexhep Demiri, djali 42-vje\u00e7ar vdiq tragjikisht pasi dyshohet se ka b\u00ebr\u00eb vet\u00ebvrasje. Kjo ngjarje ka tronditur jasht\u00ebzakonisht shum\u00eb familjen e tij, teksa tashm\u00eb kan\u00eb nisur hetimet p\u00ebr ta zbuluar motivin q\u00eb e shtyn\u00eb t\u2019i jap fund jet\u00ebs, raporton Gazeta Sinjali.<\/p>\n<p>Burimet brenda Emergjenc\u00ebs kan\u00eb b\u00ebr\u00eb me dije p\u00ebr Sinjalin se b\u00ebhet fjal\u00eb p\u00ebr Ismet Kamenic\u00ebn, vdekjen e t\u00eb cilit e ka konfirmuar ekipi mjek\u00ebsor q\u00eb ka dal\u00eb n\u00eb vendin e ngjarjes, ku pas ekzaminimeve p\u00ebr shenjat vitale, \u00ebsht\u00eb konstatuar se 42-vje\u00e7ari ishte pa shenja jete.<\/p>\n<p>P\u00ebr motive akoma t\u00eb panjohura, Kamenica i ka dh\u00ebn\u00eb fund jet\u00ebs duke u varur n\u00eb sht\u00ebpin\u00eb e tijdhe fatkeq\u00ebsisht nuk arriti t\u00eb shp\u00ebtoj\u00eb, p\u00ebrkund\u00ebr q\u00eb mjek\u00ebt intervenuan dhe tentuan p\u00ebr t\u2019ia dh\u00ebn\u00eb ndihm\u00ebn e par\u00eb.<\/p>\n<p>N\u00eb vendin e ngjarjes jan\u00eb kryer t\u00eb gjitha ekzaminimet e nevojshme nga ana e nj\u00ebsive policore, teksa trupi i pajet\u00eb \u00ebsht\u00eb t\u00ebrhequr p\u00ebr t\u2019u d\u00ebrguar n\u00eb Institutin e Mjek\u00ebsis\u00eb Ligjore p\u00ebr obduksion.<\/p>\n<p>Si\u00e7 m\u00ebson Sinjali, lidhur me rastin, Prokurori i Shtetit ka urdh\u00ebruar nisjen e hetimeve dhe zbardhjen e rrethanave n\u00eb t\u00eb cilat ka humbur jet\u00ebn 42-vje\u00e7ari.<\/p>\n<p>P\u00ebr vdekjen e tij kan\u00eb njoftuar edhe miqt\u00eb e familjar\u00ebt p\u00ebrmes rrjetit social \u201cFacebook\u201d, t\u00eb cil\u00ebt u shpreh\u00ebn t\u00eb pik\u00eblluar p\u00ebr lajmin q\u00eb mor\u00ebn.<\/p>\n\n<div style=\"font-size: 0px; height: 0px; line-height: 0px; margin: 0; padding: 0; clear: both;\"><\/div>","protected":false},"excerpt":{"rendered":"<p>Nj\u00eb ngjarje e r\u00ebnd\u00eb ka ndodhur t\u00eb diel\u00ebn n\u00eb familjen Kamenica nga fshati Mirash i Ferizajt. N\u00eb sht\u00ebpin\u00eb e tyre, n\u00eb rrug\u00ebn \u201cRexhep Demiri, djali 42-vje\u00e7ar vdiq&#8230; <\/p>\n","protected":false},"author":1,"featured_media":4234,"comment_status":"open","ping_status":"open","sticky":false,"template":"","format":"standard","meta":{"footnotes":""},"categories":[6],"tags":[],"class_list":["post-4233","post","type-post","status-publish","format-standard","has-post-thumbnail","hentry","category-lajme"],"_links":{"self":[{"href":"https:\/\/new.findnews5.com\/index.php?rest_route=\/wp\/v2\/posts\/4233","targetHints":{"allow":["GET"]}}],"collection":[{"href":"https:\/\/new.findnews5.com\/index.php?rest_route=\/wp\/v2\/posts"}],"about":[{"href":"https:\/\/new.findnews5.com\/index.php?rest_route=\/wp\/v2\/types\/post"}],"author":[{"embeddable":true,"href":"https:\/\/new.findnews5.com\/index.php?rest_route=\/wp\/v2\/users\/1"}],"replies":[{"embeddable":true,"href":"https:\/\/new.findnews5.com\/index.php?rest_route=%2Fwp%2Fv2%2Fcomments&post=4233"}],"version-history":[{"count":0,"href":"https:\/\/new.findnews5.com\/index.php?rest_route=\/wp\/v2\/posts\/4233\/revisions"}],"wp:featuredmedia":[{"embeddable":true,"href":"https:\/\/new.findnews5.com\/index.php?rest_route=\/wp\/v2\/media\/4234"}],"wp:attachment":[{"href":"https:\/\/new.findnews5.com\/index.php?rest_route=%2Fwp%2Fv2%2Fmedia&parent=4233"}],"wp:term":[{"taxonomy":"category","embeddable":true,"href":"https:\/\/new.findnews5.com\/index.php?rest_route=%2Fwp%2Fv2%2Fcategories&post=4233"},{"taxonomy":"post_tag","embeddable":true,"href":"https:\/\/new.findnews5.com\/index.php?rest_route=%2Fwp%2Fv2%2Ftags&post=4233"}],"curies":[{"name":"wp","href":"https:\/\/api.w.org\/{rel}","templated":true}]}}