{"id":4227,"date":"2023-10-02T22:28:53","date_gmt":"2023-10-02T22:28:53","guid":{"rendered":"https:\/\/new.findnews5.com\/?p=4227"},"modified":"2023-10-02T22:28:53","modified_gmt":"2023-10-02T22:28:53","slug":"the-guardian-zyrtaret-e-shba-se-i-konsiderojne-bindese-provat-qe-e-lidhin-serbine-me-sulmin-ne-banjske","status":"publish","type":"post","link":"https:\/\/new.findnews5.com\/?p=4227","title":{"rendered":"The Guardian: Zyrtar\u00ebt e SHBA-s\u00eb i konsiderojn\u00eb bind\u00ebse provat q\u00eb e lidhin Serbin\u00eb me sulmin n\u00eb Banjsk\u00eb"},"content":{"rendered":"<div class=\"78954ae5fa42b68c1393fe3da4998882\" data-index=\"1\" style=\"float: none; margin:0px 0 0px 0; text-align:center;\">\n<div data-type=\"_mgwidget\" data-widget-id=\"1576712\">\r\n<\/div>\r\n<script>(function(w,q){w[q]=w[q]||[];w[q].push([\"_mgc.load\"])})(window,\"_mgq\");\r\n<\/script>\r\n\n<\/div>\n<p>Mediumi prestiogjioz anglez, The Guardian ka publikuar nj\u00eb artikull rreth situat\u00ebs n\u00eb veri t\u00eb Kosov\u00ebs, ku nd\u00ebr t\u00eb tjerash kan\u00eb shkruar se shenjat e k\u00ebsaj fundjave sugjerojn\u00eb se kriza e menj\u00ebhershme mbi Kosov\u00ebn \u00ebsht\u00eb zbutur.<br \/>\nPas sulmit terrorist, autoritetet n\u00eb Kosov\u00eb kan\u00eb publikuar n\u00eb vazhdim\u00ebsi prova p\u00ebr p\u00ebrfshirjen e Serbis\u00eb, d\u00ebshmi k\u00ebto q\u00eb sipas redaktorit Julian Borger, po konsiderohen bind\u00ebse nga zyrtar\u00ebt amerikan\u00eb.<\/p>\n<p>K\u00ebshtu thuhet n\u00eb analiz\u00ebn e publikuar sot, ku \u00ebsht\u00eb bashkangjitur edhe linku me provat q\u00eb tashm\u00eb jan\u00eb mbledhur p\u00ebr grupin terrorist q\u00eb sulmoi Policin\u00eb e Kosov\u00ebs.<\/p>\n<p>\u201cM\u00eb 24 shtator nj\u00eb grup paramilitar i serb\u00ebve t\u00eb Kosov\u00ebs t\u00eb armatosur mir\u00eb e zun\u00eb n\u00eb prit\u00eb nj\u00eb patrull\u00eb policore t\u00eb Kosov\u00ebs dhe p\u00ebrgjat\u00eb p\u00ebrleshjes, nj\u00eb polic dhe tre serb\u00eb sulmues u vran\u00eb. Qeveria kosovare ka prezantuar prova q\u00eb tregojn\u00eb se grupi ka qen\u00eb i armatosur dhe i kontrolluar nga Beogradi, dhe zyrtar\u00ebt e SHBA\u2019s\u00eb privatisht e kan\u00eb b\u00ebr\u00eb t\u00eb qart\u00eb q\u00eb k\u00ebto prova i shohin si bind\u00ebse\u201d, thuhet n\u00eb artikullin e The Guardian<\/p>\n<p>N\u00eb artikull thuhet se forca paqeruajt\u00ebse e NATO-s, KFOR u p\u00ebrforcua menj\u00ebher\u00eb me transferimin e komand\u00ebs s\u00eb nj\u00eb batalioni t\u00eb trupave britanike q\u00eb ndodheshin n\u00eb rajon p\u00ebr st\u00ebrvitje.<\/p>\n<p>Nd\u00ebrkoh\u00eb q\u00eb rreziku i menj\u00ebhersh\u00ebm mund t\u00eb ket\u00eb kaluar, megjithat\u00eb kriza mbi Kosov\u00ebn vazhdon t\u00eb acarohet.<\/p>\n<p>Sipas k\u00ebsaj analize, ngjarjet e jav\u00ebs s\u00eb kaluar mund t\u00eb jen\u00eb nj\u00eb pik\u00eb kthese, n\u00eb var\u00ebsi t\u00eb faktit n\u00ebse ato \u00e7ojn\u00eb n\u00eb nj\u00eb rishikim t\u00eb politik\u00ebs n\u00eb Uashington dhe Bruksel.<\/p>\n\n<div style=\"font-size: 0px; height: 0px; line-height: 0px; margin: 0; padding: 0; clear: both;\"><\/div>","protected":false},"excerpt":{"rendered":"<p>Mediumi prestiogjioz anglez, The Guardian ka publikuar nj\u00eb artikull rreth situat\u00ebs n\u00eb veri t\u00eb Kosov\u00ebs, ku nd\u00ebr t\u00eb tjerash kan\u00eb shkruar se shenjat e k\u00ebsaj fundjave sugjerojn\u00eb&#8230; <\/p>\n","protected":false},"author":1,"featured_media":4228,"comment_status":"open","ping_status":"open","sticky":false,"template":"","format":"standard","meta":{"footnotes":""},"categories":[6],"tags":[],"class_list":["post-4227","post","type-post","status-publish","format-standard","has-post-thumbnail","hentry","category-lajme"],"_links":{"self":[{"href":"https:\/\/new.findnews5.com\/index.php?rest_route=\/wp\/v2\/posts\/4227","targetHints":{"allow":["GET"]}}],"collection":[{"href":"https:\/\/new.findnews5.com\/index.php?rest_route=\/wp\/v2\/posts"}],"about":[{"href":"https:\/\/new.findnews5.com\/index.php?rest_route=\/wp\/v2\/types\/post"}],"author":[{"embeddable":true,"href":"https:\/\/new.findnews5.com\/index.php?rest_route=\/wp\/v2\/users\/1"}],"replies":[{"embeddable":true,"href":"https:\/\/new.findnews5.com\/index.php?rest_route=%2Fwp%2Fv2%2Fcomments&post=4227"}],"version-history":[{"count":0,"href":"https:\/\/new.findnews5.com\/index.php?rest_route=\/wp\/v2\/posts\/4227\/revisions"}],"wp:featuredmedia":[{"embeddable":true,"href":"https:\/\/new.findnews5.com\/index.php?rest_route=\/wp\/v2\/media\/4228"}],"wp:attachment":[{"href":"https:\/\/new.findnews5.com\/index.php?rest_route=%2Fwp%2Fv2%2Fmedia&parent=4227"}],"wp:term":[{"taxonomy":"category","embeddable":true,"href":"https:\/\/new.findnews5.com\/index.php?rest_route=%2Fwp%2Fv2%2Fcategories&post=4227"},{"taxonomy":"post_tag","embeddable":true,"href":"https:\/\/new.findnews5.com\/index.php?rest_route=%2Fwp%2Fv2%2Ftags&post=4227"}],"curies":[{"name":"wp","href":"https:\/\/api.w.org\/{rel}","templated":true}]}}