{"id":4211,"date":"2023-10-02T16:14:22","date_gmt":"2023-10-02T16:14:22","guid":{"rendered":"https:\/\/new.findnews5.com\/?p=4211"},"modified":"2023-10-02T16:14:23","modified_gmt":"2023-10-02T16:14:23","slug":"krim-i-rende-ne-nje-familje-djali-vret-nenen-dhe-vellane-e-tij","status":"publish","type":"post","link":"https:\/\/new.findnews5.com\/?p=4211","title":{"rendered":"Krim i r\u00ebnd\u00eb n\u00eb nj\u00eb familje, djali vret n\u00ebn\u00ebn dhe v\u00ebllan\u00eb e tij"},"content":{"rendered":"<div class=\"78954ae5fa42b68c1393fe3da4998882\" data-index=\"1\" style=\"float: none; margin:0px 0 0px 0; text-align:center;\">\n<div data-type=\"_mgwidget\" data-widget-id=\"1576712\">\r\n<\/div>\r\n<script>(function(w,q){w[q]=w[q]||[];w[q].push([\"_mgc.load\"])})(window,\"_mgq\");\r\n<\/script>\r\n\n<\/div>\n<p>N\u00eb Vignola, n\u00eb provinc\u00ebn e Moden\u00ebs, nj\u00eb burr\u00eb goditi p\u00ebr vdekje n\u00ebn\u00ebn e tij 88-vje\u00e7are dhe v\u00ebllain e tij 66-vje\u00e7ar .<\/p>\n<p>Dy trupat u zbuluan brenda nj\u00eb sht\u00ebpie n\u00eb Via Torino nga policia, e cila shkoi n\u00eb vendngjarje pasi fqinj\u00ebt kishin ngritur alarmin, duke raportuar se kishin d\u00ebgjuar britma.<\/p>\n<p>Viktimat e vrasjes s\u00eb dyfisht\u00eb jan\u00eb 88-vje\u00e7arja Anna Malmusi dhe djali i saj Emore Capucci, 66 vje\u00e7. Autori i dyshuar i krimit, i cili ruhet n\u00eb spital prej mbr\u00ebmjes s\u00eb djeshme nga policia, \u00ebsht\u00eb 67-vje\u00e7ari Uber Capucci, i d\u00ebrguar n\u00eb spitalin Baggiovara, ku \u00ebsht\u00eb jasht\u00eb rrezikut p\u00ebr jet\u00ebn.<\/p>\n<p>Si\u00e7 kan\u00eb d\u00ebshmuar fqinj\u00ebt, dje rreth or\u00ebs 21:30, para se policia t\u00eb nd\u00ebrhynte n\u00eb vendngjarje dhe t\u00eb gjente dy trupat, n\u00eb sht\u00ebpin\u00eb e vrasjes s\u00eb dyfisht\u00eb kishte ndodhur nj\u00eb debat i dhunsh\u00ebm.<\/p>\n<p>Ende nuk dihen motivet e krimit t\u00eb r\u00ebnd\u00eb teksa autoritet pritet t\u00eb zbardhin m\u00eb tej pas d\u00ebshmis\u00eb s\u00eb 67-vje\u00e7arit.<\/p>\n\n<div style=\"font-size: 0px; height: 0px; line-height: 0px; margin: 0; padding: 0; clear: both;\"><\/div>","protected":false},"excerpt":{"rendered":"<p>N\u00eb Vignola, n\u00eb provinc\u00ebn e Moden\u00ebs, nj\u00eb burr\u00eb goditi p\u00ebr vdekje n\u00ebn\u00ebn e tij 88-vje\u00e7are dhe v\u00ebllain e tij 66-vje\u00e7ar . Dy trupat u zbuluan brenda nj\u00eb&#8230; <\/p>\n","protected":false},"author":1,"featured_media":4212,"comment_status":"open","ping_status":"open","sticky":false,"template":"","format":"standard","meta":{"footnotes":""},"categories":[6],"tags":[],"class_list":["post-4211","post","type-post","status-publish","format-standard","has-post-thumbnail","hentry","category-lajme"],"_links":{"self":[{"href":"https:\/\/new.findnews5.com\/index.php?rest_route=\/wp\/v2\/posts\/4211","targetHints":{"allow":["GET"]}}],"collection":[{"href":"https:\/\/new.findnews5.com\/index.php?rest_route=\/wp\/v2\/posts"}],"about":[{"href":"https:\/\/new.findnews5.com\/index.php?rest_route=\/wp\/v2\/types\/post"}],"author":[{"embeddable":true,"href":"https:\/\/new.findnews5.com\/index.php?rest_route=\/wp\/v2\/users\/1"}],"replies":[{"embeddable":true,"href":"https:\/\/new.findnews5.com\/index.php?rest_route=%2Fwp%2Fv2%2Fcomments&post=4211"}],"version-history":[{"count":0,"href":"https:\/\/new.findnews5.com\/index.php?rest_route=\/wp\/v2\/posts\/4211\/revisions"}],"wp:featuredmedia":[{"embeddable":true,"href":"https:\/\/new.findnews5.com\/index.php?rest_route=\/wp\/v2\/media\/4212"}],"wp:attachment":[{"href":"https:\/\/new.findnews5.com\/index.php?rest_route=%2Fwp%2Fv2%2Fmedia&parent=4211"}],"wp:term":[{"taxonomy":"category","embeddable":true,"href":"https:\/\/new.findnews5.com\/index.php?rest_route=%2Fwp%2Fv2%2Fcategories&post=4211"},{"taxonomy":"post_tag","embeddable":true,"href":"https:\/\/new.findnews5.com\/index.php?rest_route=%2Fwp%2Fv2%2Ftags&post=4211"}],"curies":[{"name":"wp","href":"https:\/\/api.w.org\/{rel}","templated":true}]}}