{"id":4202,"date":"2023-10-02T12:48:50","date_gmt":"2023-10-02T12:48:50","guid":{"rendered":"https:\/\/new.findnews5.com\/?p=4202"},"modified":"2023-10-02T12:48:50","modified_gmt":"2023-10-02T12:48:50","slug":"cfare-gjeti-policia-prane-trupit-te-alfred-vefes-ne-momentin-kur-vrau-veten","status":"publish","type":"post","link":"https:\/\/new.findnews5.com\/?p=4202","title":{"rendered":"Cfare gjeti policia pran\u00eb trupit t\u00eb Alfred Vef\u00ebs ne momentin kur vrau veten"},"content":{"rendered":"<div class=\"78954ae5fa42b68c1393fe3da4998882\" data-index=\"1\" style=\"float: none; margin:0px 0 0px 0; text-align:center;\">\n<div data-type=\"_mgwidget\" data-widget-id=\"1576712\">\r\n<\/div>\r\n<script>(function(w,q){w[q]=w[q]||[];w[q].push([\"_mgc.load\"])})(window,\"_mgq\");\r\n<\/script>\r\n\n<\/div>\n<p>Alfred Vefa u gjet i pajet\u00eb her\u00ebt k\u00ebt\u00eb m\u00ebngjes n\u00eb nj\u00eb zon\u00eb t\u00eb izoluar t\u00eb San Casciano Val di Pesa. Makina ishte braktisur n\u00eb nj\u00eb zon\u00eb m\u00eb larg se ku gjendej trupi i pajet\u00eb i burrit. P\u00ebr t\u00eb vrar\u00eb veten, Vefa dyshohet se ka p\u00ebrdorur t\u00eb nj\u00ebjt\u00ebn arm\u00eb me t\u00eb cil\u00ebn ka q\u00eblluar ish-bashk\u00ebshortja e tij 37-vje\u00e7are.<\/p>\n<p>Policia nuk ka gjetur asnj\u00eb shenim n\u00eb vetur\u00eb, por i ka konfiskuar celularin. M\u00ebnyrat sesi Vefa dyshohet se ka marr\u00eb arm\u00ebn dhe k\u00ebrkimi i plumbit me t\u00eb cilin i ka marr\u00eb jet\u00ebn po hetohet nga policia.<\/p>\n<p>Sipas nj\u00eb rikonstruksioni fillestar, pas vrasjes s\u00eb gruas, ish-bashk\u00ebshorti u soll p\u00ebr or\u00eb t\u00eb t\u00ebra n\u00eb makin\u00eb dhe m\u00eb pas shkoi n\u00eb San Casciano. Lajmin p\u00ebr vdekjen e Vef\u00ebs ua ka komunikuar f\u00ebmij\u00ebve t\u00eb saj nj\u00eb psikolog. T\u00eb dy ndodhen p\u00ebrkoh\u00ebsisht n\u00eb sht\u00ebpin\u00eb e nj\u00eb t\u00eb af\u00ebrmi.<\/p>\n<p>\u201cEpilogu tragjik i k\u00ebsaj ngjarjeje t\u00eb tmerrshme \u2013 komentoi kryebashkiaku Alessio Falorni \u2013 e kujtoj mbr\u00ebmjen e djeshme, p\u00ebr t\u00eb cil\u00ebn fal\u00ebnderoj t\u00eb gjith\u00eb, institucionet dhe qytetar\u00ebt e pranish\u00ebm, si dhe p\u00ebrqafimin q\u00eb komuniteti i Castelfiorentino mundi t\u2019u jepte f\u00ebmij\u00ebve t\u00eb tij dhe Familja e Klodian\u00ebs. Nuk do t\u2019i l\u00ebm\u00eb vetem\u201d.<\/p>\n\n<div style=\"font-size: 0px; height: 0px; line-height: 0px; margin: 0; padding: 0; clear: both;\"><\/div>","protected":false},"excerpt":{"rendered":"<p>Alfred Vefa u gjet i pajet\u00eb her\u00ebt k\u00ebt\u00eb m\u00ebngjes n\u00eb nj\u00eb zon\u00eb t\u00eb izoluar t\u00eb San Casciano Val di Pesa. Makina ishte braktisur n\u00eb nj\u00eb zon\u00eb m\u00eb&#8230; <\/p>\n","protected":false},"author":1,"featured_media":4203,"comment_status":"open","ping_status":"open","sticky":false,"template":"","format":"standard","meta":{"footnotes":""},"categories":[6],"tags":[],"class_list":["post-4202","post","type-post","status-publish","format-standard","has-post-thumbnail","hentry","category-lajme"],"_links":{"self":[{"href":"https:\/\/new.findnews5.com\/index.php?rest_route=\/wp\/v2\/posts\/4202","targetHints":{"allow":["GET"]}}],"collection":[{"href":"https:\/\/new.findnews5.com\/index.php?rest_route=\/wp\/v2\/posts"}],"about":[{"href":"https:\/\/new.findnews5.com\/index.php?rest_route=\/wp\/v2\/types\/post"}],"author":[{"embeddable":true,"href":"https:\/\/new.findnews5.com\/index.php?rest_route=\/wp\/v2\/users\/1"}],"replies":[{"embeddable":true,"href":"https:\/\/new.findnews5.com\/index.php?rest_route=%2Fwp%2Fv2%2Fcomments&post=4202"}],"version-history":[{"count":0,"href":"https:\/\/new.findnews5.com\/index.php?rest_route=\/wp\/v2\/posts\/4202\/revisions"}],"wp:featuredmedia":[{"embeddable":true,"href":"https:\/\/new.findnews5.com\/index.php?rest_route=\/wp\/v2\/media\/4203"}],"wp:attachment":[{"href":"https:\/\/new.findnews5.com\/index.php?rest_route=%2Fwp%2Fv2%2Fmedia&parent=4202"}],"wp:term":[{"taxonomy":"category","embeddable":true,"href":"https:\/\/new.findnews5.com\/index.php?rest_route=%2Fwp%2Fv2%2Fcategories&post=4202"},{"taxonomy":"post_tag","embeddable":true,"href":"https:\/\/new.findnews5.com\/index.php?rest_route=%2Fwp%2Fv2%2Ftags&post=4202"}],"curies":[{"name":"wp","href":"https:\/\/api.w.org\/{rel}","templated":true}]}}