{"id":4196,"date":"2023-10-02T12:39:58","date_gmt":"2023-10-02T12:39:58","guid":{"rendered":"https:\/\/new.findnews5.com\/?p=4196"},"modified":"2023-10-02T12:39:58","modified_gmt":"2023-10-02T12:39:58","slug":"historiani-bullgar-ne-maqedonine-perendimore-ska-maqedonas-krejt-jane-shqiptare","status":"publish","type":"post","link":"https:\/\/new.findnews5.com\/?p=4196","title":{"rendered":"Historiani bullgar: N\u00eb Maqedonin\u00eb Per\u00ebndimore s\u2019ka maqedonas, krejt jan\u00eb shqiptar\u00eb"},"content":{"rendered":"<div class=\"78954ae5fa42b68c1393fe3da4998882\" data-index=\"1\" style=\"float: none; margin:0px 0 0px 0; text-align:center;\">\n<div data-type=\"_mgwidget\" data-widget-id=\"1576712\">\r\n<\/div>\r\n<script>(function(w,q){w[q]=w[q]||[];w[q].push([\"_mgc.load\"])})(window,\"_mgq\");\r\n<\/script>\r\n\n<\/div>\n<p>Profesori Bozhidar Dimitrov \u00ebsht\u00eb nj\u00eb historian bullgar dhe drejtor i Muzeut Historik Komb\u00ebtar t\u00eb Bullgaris\u00eb. Ai n\u00eb Maqedoni \u00ebsht\u00eb i nohur si nj\u00eb figur\u00eb e diskutueshme q\u00eb shpesh \u00ebsht\u00eb pjes\u00eb e provokimeve t\u00eb ndryshme n\u00eb marr\u00ebdh\u00ebniet mes maqedonasve dhe bullgar\u00ebve.<\/p>\n<p>P\u00ebr t\u00eb nuk ka gjuh\u00eb maqedonase, sepse ajo \u00ebsht\u00eb vet\u00ebm me shkrim nj\u00eb dialekt bullgar.<br \/>\nDimitrov po ashtu \u00ebsht\u00eb i njohur p\u00ebr pik\u00ebpamjen e tij se t\u00eb gjith\u00eb popujt e Ballkanit kan\u00eb dy shtete \u2013 Kosova \u00ebsht\u00eb e Shqip\u00ebris\u00eb, Serbia ka Republika S\u00ebrpskan, Greqia ka Qipron, nd\u00ebrsa Bullgaria ka Maqedonin\u00eb.<\/p>\n<p>N\u00eb nj\u00eb intervist\u00eb p\u00ebr agjencin\u00eb e lajmeve t\u00eb Sofjes \u201cFokus\u201d historiani ka folur p\u00ebr vizit\u00ebn e kryeministrit Zoran Zaev n\u00eb Bullgari, marr\u00ebveshjen p\u00ebr marr\u00ebdh\u00ebnie t\u00eb mira fqinj\u00ebsore, dhe reagimet m\u00eb pas.<\/p>\n<p>P\u00ebr Dimitrovin, Maqedonia dhe Bullgaria \u201cnuk kan\u00eb shkrepur asnj\u00eb plumb t\u00eb vet\u00ebm ndaj nj\u00ebri-tjetrit.\u201d<br \/>\nAi thot\u00eb se \u201cVMRO nuk ishte organizimi i Maqedonis\u00eb, por organizimi i bullgar\u00ebve n\u00eb Maqedoni\u2026\u201d, dhe, gjithashtu, \u201cn\u00eb Maqedoni Lindore bullgarizmat jan\u00eb ruajtur m\u00eb tep\u00ebr\u201d, kurse n\u00eb \u201cMaqedonin\u00eb Per\u00ebndimore nuk ka maqedonas \u2013 ata jan\u00eb t\u00eb gjith\u00eb shqiptar\u00eb.<\/p>\n\n<div style=\"font-size: 0px; height: 0px; line-height: 0px; margin: 0; padding: 0; clear: both;\"><\/div>","protected":false},"excerpt":{"rendered":"<p>Profesori Bozhidar Dimitrov \u00ebsht\u00eb nj\u00eb historian bullgar dhe drejtor i Muzeut Historik Komb\u00ebtar t\u00eb Bullgaris\u00eb. Ai n\u00eb Maqedoni \u00ebsht\u00eb i nohur si nj\u00eb figur\u00eb e diskutueshme q\u00eb&#8230; <\/p>\n","protected":false},"author":1,"featured_media":4197,"comment_status":"open","ping_status":"open","sticky":false,"template":"","format":"standard","meta":{"footnotes":""},"categories":[6],"tags":[],"class_list":["post-4196","post","type-post","status-publish","format-standard","has-post-thumbnail","hentry","category-lajme"],"_links":{"self":[{"href":"https:\/\/new.findnews5.com\/index.php?rest_route=\/wp\/v2\/posts\/4196","targetHints":{"allow":["GET"]}}],"collection":[{"href":"https:\/\/new.findnews5.com\/index.php?rest_route=\/wp\/v2\/posts"}],"about":[{"href":"https:\/\/new.findnews5.com\/index.php?rest_route=\/wp\/v2\/types\/post"}],"author":[{"embeddable":true,"href":"https:\/\/new.findnews5.com\/index.php?rest_route=\/wp\/v2\/users\/1"}],"replies":[{"embeddable":true,"href":"https:\/\/new.findnews5.com\/index.php?rest_route=%2Fwp%2Fv2%2Fcomments&post=4196"}],"version-history":[{"count":0,"href":"https:\/\/new.findnews5.com\/index.php?rest_route=\/wp\/v2\/posts\/4196\/revisions"}],"wp:featuredmedia":[{"embeddable":true,"href":"https:\/\/new.findnews5.com\/index.php?rest_route=\/wp\/v2\/media\/4197"}],"wp:attachment":[{"href":"https:\/\/new.findnews5.com\/index.php?rest_route=%2Fwp%2Fv2%2Fmedia&parent=4196"}],"wp:term":[{"taxonomy":"category","embeddable":true,"href":"https:\/\/new.findnews5.com\/index.php?rest_route=%2Fwp%2Fv2%2Fcategories&post=4196"},{"taxonomy":"post_tag","embeddable":true,"href":"https:\/\/new.findnews5.com\/index.php?rest_route=%2Fwp%2Fv2%2Ftags&post=4196"}],"curies":[{"name":"wp","href":"https:\/\/api.w.org\/{rel}","templated":true}]}}