{"id":4182,"date":"2023-10-02T04:58:01","date_gmt":"2023-10-02T04:58:01","guid":{"rendered":"https:\/\/new.findnews5.com\/?p=4182"},"modified":"2023-10-02T04:58:02","modified_gmt":"2023-10-02T04:58:02","slug":"paralajmerimi-nga-lleshaj-shqiperia-te-pergatitet-edhe-per-opsionin-e-luftes-ne","status":"publish","type":"post","link":"https:\/\/new.findnews5.com\/?p=4182","title":{"rendered":"Paralajm\u00ebrimi nga Lleshaj: Shqip\u00ebria t\u00eb p\u00ebrgatitet edhe p\u00ebr opsionin e luft\u00ebs n\u00eb\u2026"},"content":{"rendered":"<div class=\"78954ae5fa42b68c1393fe3da4998882\" data-index=\"1\" style=\"float: none; margin:0px 0 0px 0; text-align:center;\">\n<div data-type=\"_mgwidget\" data-widget-id=\"1576712\">\r\n<\/div>\r\n<script>(function(w,q){w[q]=w[q]||[];w[q].push([\"_mgc.load\"])})(window,\"_mgq\");\r\n<\/script>\r\n\n<\/div>\n<p>Ish-ministri i Brendsh\u00ebm, Sand\u00ebr Lleshaj tha se Kosova duhet t\u00eb vijoj\u00eb rrug\u00ebtimin e vet si shtet i pavarur i njohur nga mbi 100 shtete, pa u shqet\u00ebsuar p\u00ebr njohjen nga Serbia.<\/p>\n<p>Kjo, sipas tij duhet t\u00eb b\u00ebhet p\u00ebrmes kontrollit t\u00eb plot\u00eb t\u00eb territorit dhe vendosjes s\u00eb nj\u00eb statusi qart\u00eb, t\u00eb njohur bot\u00ebrisht p\u00ebr pakicat serbe.<br \/>\nLleshaj u shpreh n\u00eb emisionin Revie\u00eb n\u00eb Eurone\u00ebs Albania se Kosova duhet t\u00eb krijoj\u00eb kapacitetet e saj p\u00ebr mbrojtjen e kufijve, ashtu si\u00e7 duhet t\u00eb b\u00ebj\u00eb edhe Shqip\u00ebria, q\u00eb si\u00e7 tha duhet t\u00eb jet\u00eb gjithmon\u00eb e p\u00ebrgatitur p\u00ebr nj\u00eb opsion tjet\u00ebr p\u00ebrve\u00e7 paqes n\u00eb Ballkan.<\/p>\n<p>\u201cKosova duhet t\u00eb krijoj\u00eb kapacitetet e saj p\u00ebr ruajtjen e territorit t\u00eb vet. Ashtu sikund\u00ebr Shqip\u00ebria duhet t\u00eb jet\u00eb gjithmon\u00eb e p\u00ebrgatitur p\u00ebr nj\u00eb opsion tjet\u00ebr p\u00ebrve\u00e7 paqes n\u00eb Ballkan.<\/p>\n<p>Er\u00ebrat nuk jan\u00eb domosdoshm\u00ebrish t\u00eb paqes ato q\u00eb fryjn\u00eb. Armatimi serioz dhe i vazhduesh\u00ebm i Serbis\u00eb \u00ebsht\u00eb sinjal i qart\u00eb se Serbia ka nj\u00eb plan t\u00eb caktuar p\u00ebr ta zgjidhur me arm\u00ebt q\u00eb ka grumbulluar. \u00c7do p\u00ebrshkall\u00ebzim i situat\u00ebs n\u00eb Kosov\u00eb do ta p\u00ebrfshij\u00eb Shqip\u00ebrin\u00eb qoft\u00eb si NATO apo qoft\u00eb edhe vet\u00ebm si Shqip\u00ebri\u201d, tha Lleshaj.<\/p>\n\n<div style=\"font-size: 0px; height: 0px; line-height: 0px; margin: 0; padding: 0; clear: both;\"><\/div>","protected":false},"excerpt":{"rendered":"<p>Ish-ministri i Brendsh\u00ebm, Sand\u00ebr Lleshaj tha se Kosova duhet t\u00eb vijoj\u00eb rrug\u00ebtimin e vet si shtet i pavarur i njohur nga mbi 100 shtete, pa u shqet\u00ebsuar&#8230; <\/p>\n","protected":false},"author":1,"featured_media":4183,"comment_status":"open","ping_status":"open","sticky":false,"template":"","format":"standard","meta":{"footnotes":""},"categories":[6],"tags":[],"class_list":["post-4182","post","type-post","status-publish","format-standard","has-post-thumbnail","hentry","category-lajme"],"_links":{"self":[{"href":"https:\/\/new.findnews5.com\/index.php?rest_route=\/wp\/v2\/posts\/4182","targetHints":{"allow":["GET"]}}],"collection":[{"href":"https:\/\/new.findnews5.com\/index.php?rest_route=\/wp\/v2\/posts"}],"about":[{"href":"https:\/\/new.findnews5.com\/index.php?rest_route=\/wp\/v2\/types\/post"}],"author":[{"embeddable":true,"href":"https:\/\/new.findnews5.com\/index.php?rest_route=\/wp\/v2\/users\/1"}],"replies":[{"embeddable":true,"href":"https:\/\/new.findnews5.com\/index.php?rest_route=%2Fwp%2Fv2%2Fcomments&post=4182"}],"version-history":[{"count":0,"href":"https:\/\/new.findnews5.com\/index.php?rest_route=\/wp\/v2\/posts\/4182\/revisions"}],"wp:featuredmedia":[{"embeddable":true,"href":"https:\/\/new.findnews5.com\/index.php?rest_route=\/wp\/v2\/media\/4183"}],"wp:attachment":[{"href":"https:\/\/new.findnews5.com\/index.php?rest_route=%2Fwp%2Fv2%2Fmedia&parent=4182"}],"wp:term":[{"taxonomy":"category","embeddable":true,"href":"https:\/\/new.findnews5.com\/index.php?rest_route=%2Fwp%2Fv2%2Fcategories&post=4182"},{"taxonomy":"post_tag","embeddable":true,"href":"https:\/\/new.findnews5.com\/index.php?rest_route=%2Fwp%2Fv2%2Ftags&post=4182"}],"curies":[{"name":"wp","href":"https:\/\/api.w.org\/{rel}","templated":true}]}}