{"id":4161,"date":"2023-10-01T23:23:36","date_gmt":"2023-10-01T23:23:36","guid":{"rendered":"https:\/\/new.findnews5.com\/?p=4161"},"modified":"2023-10-01T23:23:36","modified_gmt":"2023-10-01T23:23:36","slug":"edi-rama-te-shpallet-non-grata-ne-kosove-vjen-propozimi-nga","status":"publish","type":"post","link":"https:\/\/new.findnews5.com\/?p=4161","title":{"rendered":"\u201cEdi Rama t\u00eb shpallet non-grata n\u00eb Kosov\u00eb\u201d\/ Vjen propozimi nga\u2026"},"content":{"rendered":"<div class=\"78954ae5fa42b68c1393fe3da4998882\" data-index=\"1\" style=\"float: none; margin:0px 0 0px 0; text-align:center;\">\n<div data-type=\"_mgwidget\" data-widget-id=\"1576712\">\r\n<\/div>\r\n<script>(function(w,q){w[q]=w[q]||[];w[q].push([\"_mgc.load\"])})(window,\"_mgq\");\r\n<\/script>\r\n\n<\/div>\n<p>Analisti Enver Byty\u00e7i ka b\u00ebr\u00eb nj\u00eb deklarat\u00eb qesharake ndaj kryeministrit t\u00eb Shqip\u00ebris\u00eb, Edi Rama n\u00eb lidhje me zhvillimet e fundit t\u00eb veri t\u00eb Kosov\u00ebs.<\/p>\n<p>Analisti q\u00eb mban krahun e Sali Berish\u00ebs, kritikoi disa politikan\u00eb, analist\u00eb t\u00eb cil\u00ebt po i mbrojn\u00eb q\u00ebndrimet e Ram\u00ebs, q\u00eb sipas tij, jan\u00eb pro-serbe.<\/p>\n<p>\u201cNuk mjafton t\u00eb jesh kryeminist\u00ebr i Shqip\u00ebris\u00eb dhe t\u00eb t\u00eb falet gjith\u00e7ka q\u00eb b\u00ebn kund\u00ebr vendit t\u00ebnd, n\u00eb k\u00ebt\u00eb rast kund\u00ebr Kosov\u00ebs! Duhet ta d\u00ebshmosh mb\u00ebshtetjen dhe veprimtarin\u00eb t\u00ebnde pro- Kosov\u00ebs, q\u00eb t\u00eb ruhet uniteti, koherenca dhe bashk\u00ebpunimi v\u00ebllaz\u00ebror midis dy vendeve! N\u00ebse Rama bashk\u00ebpunon me Serbin\u00eb dhe mbron pik\u00ebpamjet, idet\u00eb, tezat dhe interesat e saj n\u00eb Kosov\u00eb, at\u00ebher\u00eb ai duhet t\u00eb jet\u00eb i papranuesh\u00ebm n\u00eb Kosov\u00eb! Madje non-grata\u201d, shkroi nd\u00ebr t\u00eb tjera Byty\u00e7i n\u00eb Facebook.<\/p>\n\n<div style=\"font-size: 0px; height: 0px; line-height: 0px; margin: 0; padding: 0; clear: both;\"><\/div>","protected":false},"excerpt":{"rendered":"<p>Analisti Enver Byty\u00e7i ka b\u00ebr\u00eb nj\u00eb deklarat\u00eb qesharake ndaj kryeministrit t\u00eb Shqip\u00ebris\u00eb, Edi Rama n\u00eb lidhje me zhvillimet e fundit t\u00eb veri t\u00eb Kosov\u00ebs. Analisti q\u00eb mban&#8230; <\/p>\n","protected":false},"author":1,"featured_media":4162,"comment_status":"open","ping_status":"open","sticky":false,"template":"","format":"standard","meta":{"footnotes":""},"categories":[6],"tags":[],"class_list":["post-4161","post","type-post","status-publish","format-standard","has-post-thumbnail","hentry","category-lajme"],"_links":{"self":[{"href":"https:\/\/new.findnews5.com\/index.php?rest_route=\/wp\/v2\/posts\/4161","targetHints":{"allow":["GET"]}}],"collection":[{"href":"https:\/\/new.findnews5.com\/index.php?rest_route=\/wp\/v2\/posts"}],"about":[{"href":"https:\/\/new.findnews5.com\/index.php?rest_route=\/wp\/v2\/types\/post"}],"author":[{"embeddable":true,"href":"https:\/\/new.findnews5.com\/index.php?rest_route=\/wp\/v2\/users\/1"}],"replies":[{"embeddable":true,"href":"https:\/\/new.findnews5.com\/index.php?rest_route=%2Fwp%2Fv2%2Fcomments&post=4161"}],"version-history":[{"count":0,"href":"https:\/\/new.findnews5.com\/index.php?rest_route=\/wp\/v2\/posts\/4161\/revisions"}],"wp:featuredmedia":[{"embeddable":true,"href":"https:\/\/new.findnews5.com\/index.php?rest_route=\/wp\/v2\/media\/4162"}],"wp:attachment":[{"href":"https:\/\/new.findnews5.com\/index.php?rest_route=%2Fwp%2Fv2%2Fmedia&parent=4161"}],"wp:term":[{"taxonomy":"category","embeddable":true,"href":"https:\/\/new.findnews5.com\/index.php?rest_route=%2Fwp%2Fv2%2Fcategories&post=4161"},{"taxonomy":"post_tag","embeddable":true,"href":"https:\/\/new.findnews5.com\/index.php?rest_route=%2Fwp%2Fv2%2Ftags&post=4161"}],"curies":[{"name":"wp","href":"https:\/\/api.w.org\/{rel}","templated":true}]}}