{"id":4155,"date":"2023-10-01T23:15:32","date_gmt":"2023-10-01T23:15:32","guid":{"rendered":"https:\/\/new.findnews5.com\/?p=4155"},"modified":"2023-10-01T23:15:33","modified_gmt":"2023-10-01T23:15:33","slug":"walker-pse-u-lejua-largimi-i-grupit-te-armatosur-nje-hetim-serioz-duhet-te-behet-edhe-ndaj-kfor-it","status":"publish","type":"post","link":"https:\/\/new.findnews5.com\/?p=4155","title":{"rendered":"Walker: Pse u lejua largimi i grupit t\u00eb armatosur, nj\u00eb hetim serioz duhet t\u00eb b\u00ebhet edhe ndaj KFOR-it"},"content":{"rendered":"<div class=\"78954ae5fa42b68c1393fe3da4998882\" data-index=\"1\" style=\"float: none; margin:0px 0 0px 0; text-align:center;\">\n<div data-type=\"_mgwidget\" data-widget-id=\"1576712\">\r\n<\/div>\r\n<script>(function(w,q){w[q]=w[q]||[];w[q].push([\"_mgc.load\"])})(window,\"_mgq\");\r\n<\/script>\r\n\n<\/div>\n<p>Ish shefi i misionit verifikues t\u00eb OSBE-s\u00eb n\u00eb Kosov\u00eb, William Walker ka ngritur dilema p\u00ebr largimin e grupit t\u00eb armatosur nga manastiri i Banjsk\u00ebs. Madje ka th\u00ebn\u00eb q\u00eb p\u00ebr k\u00ebt\u00eb duhet hetuar edhe trupat e KFOR-it.<\/p>\n<p>Sulmi terrorist ndaj Policis\u00eb s\u00eb Kosov\u00ebs n\u00eb veriun e vendit e ka alarmuar edhe ambasadorin William Walker.<\/p>\n<p>Ish-shefi i Misionit Verifikues t\u00eb OSBE-s\u00eb n\u00eb Kosov\u00eb, Willam Walker, thot\u00eb se p\u00ebr k\u00ebt\u00eb ngjarje t\u00eb r\u00ebnd\u00eb duhet nj\u00eb investigim i plot\u00eb p\u00ebr t\u00eb kuptuar se kush ishin ata persona t\u00eb armatosur r\u00ebnd\u00eb dhe se kush i ka autorizuar ata.<\/p>\n<p>Walker nj\u00ebkoh\u00ebsisht ka k\u00ebrkuar q\u00eb t\u00eb b\u00ebhet nj\u00eb investigim edhe ndaj trupave paqeruajt\u00ebse t\u00eb KFOR-it.<\/p>\n<p>\u201cP\u00ebr k\u00ebt\u00eb rast t\u00eb r\u00ebnd\u00eb duhet nj\u00eb investigim i plot\u00eb. Duhet t\u00eb kuptojm\u00eb se kush jan\u00eb ata persona, kush i ka autorizuar dhe ku e kan\u00eb marr\u00eb gjith\u00eb at\u00eb armatim. Kur pal\u00ebt jan\u00eb duke negociuar p\u00ebr normalizim t\u00eb marr\u00ebdh\u00ebnieve at\u00ebher\u00eb si \u00ebsht\u00eb e mundur q\u00eb kjo t\u00eb ndodh\u00eb? Vu\u00e7iq ka shum\u00eb pyetje p\u00ebr t\u2019iu p\u00ebrgjigjur tani. Nj\u00eb investigim serioz duhet t\u00eb b\u00ebhet edhe ndaj KFOR-it, sepse ka z\u00ebra q\u00eb thon\u00eb se ata negociuan dhe lejuan q\u00eb sulmuesit t\u00eb largoheshin, kur n\u00eb fakt ata duhet t\u00eb arrestoheshin dhe t\u00eb ballafaqoheshin me drejt\u00ebsin\u00eb\u201d, ka th\u00ebn\u00eb Walker.<\/p>\n<p>Diplomati amerikan n\u00eb pension thot\u00eb se Serbia duhet t\u2019i ekstradoj\u00eb sulmuesit n\u00eb Kosov\u00eb, dhe k\u00ebshtu te filloj nj\u00eb proces gjyq\u00ebsor ndaj tyre.<\/p>\n<p>E pas asaj \u00e7far\u00eb ndodhi m\u00eb 24 shtator, Walker pret reflektim nga komuniteti nd\u00ebrkomb\u00ebtar sa i p\u00ebrket \u00e7\u00ebshtjes s\u00eb themelimit t\u00eb Asociacionit t\u00eb Komunave me shumic\u00eb serbe.<\/p>\n<p>\u201c\u00cbsht\u00eb e r\u00ebnd\u00ebsishme tani q\u00eb Serbia ti ekstradoj\u00eb sulmuesit p\u00ebr n\u00eb Kosov\u00eb dhe k\u00ebshtu t\u00eb filloj\u00eb nj\u00eb proces gjyq\u00ebsor ndaj tyre. Serbia duhet ta kuptoj\u00eb nj\u00ebher\u00eb e mir\u00eb se Mitrovica e Veriut i takon Republik\u00ebs s\u00eb Kosov\u00ebs dhe nuk duhet t\u00eb nd\u00ebrhyj\u00eb n\u00eb \u00e7\u00ebshtjet e brendshme t\u00eb Kosov\u00ebs. Ngjarja e r\u00ebnd\u00eb e 24 shtatorit tregon edhe nj\u00ebher\u00eb se sa i rreziksh\u00ebm mund t\u00eb jet\u00eb formimi i Asociacionit t\u00eb Komunave me shumic\u00eb serbe, ku serb\u00ebt mund t\u00eb fitojn\u00eb autonomi n\u00eb pjes\u00ebn veriore t\u00eb vendit. Besoj q\u00eb tani komuniteti nd\u00ebrkomb\u00ebtar do t\u00eb reflektoj pas asaj \u00e7far\u00eb ndodhi me 24 shtator\u201d, shprehet ai p\u00ebr teve1.<\/p>\n<p>N\u00ebnkryetari i List\u00ebs Serbe, Milan Radoj\u00e7iq, e morri p\u00ebrgjegj\u00ebsin\u00eb p\u00ebr organizimin e sulmit terrorist ndaj Policis\u00eb s\u00eb Kosov\u00ebs n\u00eb fshatin Banjsk t\u00eb Zve\u00e7anit.<\/p>\n<p>Nd\u00ebrkaq, sekretari amerikan i Shtetit, Antony Blinken, i ka k\u00ebrkuar presidentit t\u00eb Serbis\u00eb, Aleksandar Vu\u00e7iq, q\u00eb sulmuesit e Policis\u00eb s\u00eb Kosov\u00ebs, e q\u00eb ik\u00ebn n\u00eb Serbi, duhet t\u00eb mbahen p\u00ebrgjegj\u00ebs p\u00ebr vepr\u00ebn e tyre.<\/p>\n\n<div style=\"font-size: 0px; height: 0px; line-height: 0px; margin: 0; padding: 0; clear: both;\"><\/div>","protected":false},"excerpt":{"rendered":"<p>Ish shefi i misionit verifikues t\u00eb OSBE-s\u00eb n\u00eb Kosov\u00eb, William Walker ka ngritur dilema p\u00ebr largimin e grupit t\u00eb armatosur nga manastiri i Banjsk\u00ebs. Madje ka th\u00ebn\u00eb&#8230; <\/p>\n","protected":false},"author":1,"featured_media":4156,"comment_status":"open","ping_status":"open","sticky":false,"template":"","format":"standard","meta":{"footnotes":""},"categories":[6],"tags":[],"class_list":["post-4155","post","type-post","status-publish","format-standard","has-post-thumbnail","hentry","category-lajme"],"_links":{"self":[{"href":"https:\/\/new.findnews5.com\/index.php?rest_route=\/wp\/v2\/posts\/4155","targetHints":{"allow":["GET"]}}],"collection":[{"href":"https:\/\/new.findnews5.com\/index.php?rest_route=\/wp\/v2\/posts"}],"about":[{"href":"https:\/\/new.findnews5.com\/index.php?rest_route=\/wp\/v2\/types\/post"}],"author":[{"embeddable":true,"href":"https:\/\/new.findnews5.com\/index.php?rest_route=\/wp\/v2\/users\/1"}],"replies":[{"embeddable":true,"href":"https:\/\/new.findnews5.com\/index.php?rest_route=%2Fwp%2Fv2%2Fcomments&post=4155"}],"version-history":[{"count":0,"href":"https:\/\/new.findnews5.com\/index.php?rest_route=\/wp\/v2\/posts\/4155\/revisions"}],"wp:featuredmedia":[{"embeddable":true,"href":"https:\/\/new.findnews5.com\/index.php?rest_route=\/wp\/v2\/media\/4156"}],"wp:attachment":[{"href":"https:\/\/new.findnews5.com\/index.php?rest_route=%2Fwp%2Fv2%2Fmedia&parent=4155"}],"wp:term":[{"taxonomy":"category","embeddable":true,"href":"https:\/\/new.findnews5.com\/index.php?rest_route=%2Fwp%2Fv2%2Fcategories&post=4155"},{"taxonomy":"post_tag","embeddable":true,"href":"https:\/\/new.findnews5.com\/index.php?rest_route=%2Fwp%2Fv2%2Ftags&post=4155"}],"curies":[{"name":"wp","href":"https:\/\/api.w.org\/{rel}","templated":true}]}}