{"id":4152,"date":"2023-10-01T23:13:25","date_gmt":"2023-10-01T23:13:25","guid":{"rendered":"https:\/\/new.findnews5.com\/?p=4152"},"modified":"2023-10-01T23:13:25","modified_gmt":"2023-10-01T23:13:25","slug":"vedat-bajrami-turqit-jane-te-gatshem-qe-te-bejne-film-per-adem-jasharin","status":"publish","type":"post","link":"https:\/\/new.findnews5.com\/?p=4152","title":{"rendered":"Vedat Bajrami: Turqit jan\u00eb t\u00eb gatsh\u00ebm q\u00eb t\u00eb b\u00ebjn\u00eb film p\u00ebr Adem Jasharin"},"content":{"rendered":"<div class=\"78954ae5fa42b68c1393fe3da4998882\" data-index=\"1\" style=\"float: none; margin:0px 0 0px 0; text-align:center;\">\n<div data-type=\"_mgwidget\" data-widget-id=\"1576712\">\r\n<\/div>\r\n<script>(function(w,q){w[q]=w[q]||[];w[q].push([\"_mgc.load\"])})(window,\"_mgq\");\r\n<\/script>\r\n\n<\/div>\n<p>Aktori i njohur kosovar, Vedat Bajrami ka th\u00ebn\u00eb se regjisor\u00ebt dhe aktor\u00ebt e Turqis\u00eb jan\u00eb t\u00eb gatsh\u00ebm dhe kan\u00eb potencial t\u00eb realizojn\u00eb nj\u00eb film p\u00ebr komandantin legjendar, Adem Jashari.<\/p>\n<p>Si\u00e7 tregoi ai, k\u00ebt\u00eb vit s\u00eb bashku me ekip\u00ebn dhe nj\u00eb regjisor turk kan\u00eb vizituar Kompleksin Memorial \u201cAdem Jashari\u201d, me \u00e7\u2019rast jan\u00eb informuar edhe fizikisht me historin\u00eb e komandantit.<\/p>\n<p>\u201cUn\u00eb e kam pas Kazimin dhe komplet ekip\u00ebn me nj\u00eb regjisor shum\u00eb t\u00eb madh turk n\u00eb Prishtin\u00eb dhe n\u00eb vizit\u00eb te Kompleksi Memorial \u201cAdem Jashari\u201d n\u00eb Prekaz. Kan\u00eb marr\u00eb shum\u00eb informata, e kan\u00eb pa vendin edhe pse e din\u00eb k\u00ebta luft\u00ebn n\u00eb Kosov\u00eb, se kan\u00eb qen\u00eb pjes\u00ebmarr\u00ebs vet\u00eb, edhe shteti turk na ka ndihmu. Jan\u00eb interesuar shum\u00eb m\u00eb shum\u00eb rreth filmit. \u00cbsht\u00eb \u00ebnd\u00ebrr e \u00e7do produksioni me b\u00eb filmin e Adem Jasharit. Un\u00eb mendoj q\u00eb ka potencial me u b\u00eb filmi i tij\u201d, u shpreh ai n\u00eb RTV21.<\/p>\n<p>Ai tha se pavarsisht q\u00eb Kosova ka depertuar n\u00ebp\u00ebr festivale n\u00eb bot\u00eb, di\u00e7ka e ngjashme si film t\u00eb luft\u00ebs nuk ka b\u00ebr\u00eb, dhe p\u00ebr k\u00ebt\u00eb arsye ai e sheh si t\u00eb domosdoshme krijimin e nj\u00eb filmi t\u00eb till\u00eb p\u00ebr historin\u00eb ton\u00eb.<\/p>\n<p>\u201c\u00cbsht\u00eb nj\u00eb tem\u00eb shum\u00eb sensitive, nj\u00eb tem\u00eb e ndjeshme q\u00eb duhet me u plasu shum\u00eb bukur. P\u00ebr me e realizu duhet me e pas nj\u00eb qasje shum\u00eb ndryshe. Filmin nuk mundemi me b\u00eb pa ndihm\u00ebn e njer\u00ebzve, pa nj\u00eb super buxhet dhe pa konsultime\u201d, u shpreh Vedati.<\/p>\n\n<div style=\"font-size: 0px; height: 0px; line-height: 0px; margin: 0; padding: 0; clear: both;\"><\/div>","protected":false},"excerpt":{"rendered":"<p>Aktori i njohur kosovar, Vedat Bajrami ka th\u00ebn\u00eb se regjisor\u00ebt dhe aktor\u00ebt e Turqis\u00eb jan\u00eb t\u00eb gatsh\u00ebm dhe kan\u00eb potencial t\u00eb realizojn\u00eb nj\u00eb film p\u00ebr komandantin legjendar,&#8230; <\/p>\n","protected":false},"author":1,"featured_media":4153,"comment_status":"open","ping_status":"open","sticky":false,"template":"","format":"standard","meta":{"footnotes":""},"categories":[6],"tags":[],"class_list":["post-4152","post","type-post","status-publish","format-standard","has-post-thumbnail","hentry","category-lajme"],"_links":{"self":[{"href":"https:\/\/new.findnews5.com\/index.php?rest_route=\/wp\/v2\/posts\/4152","targetHints":{"allow":["GET"]}}],"collection":[{"href":"https:\/\/new.findnews5.com\/index.php?rest_route=\/wp\/v2\/posts"}],"about":[{"href":"https:\/\/new.findnews5.com\/index.php?rest_route=\/wp\/v2\/types\/post"}],"author":[{"embeddable":true,"href":"https:\/\/new.findnews5.com\/index.php?rest_route=\/wp\/v2\/users\/1"}],"replies":[{"embeddable":true,"href":"https:\/\/new.findnews5.com\/index.php?rest_route=%2Fwp%2Fv2%2Fcomments&post=4152"}],"version-history":[{"count":0,"href":"https:\/\/new.findnews5.com\/index.php?rest_route=\/wp\/v2\/posts\/4152\/revisions"}],"wp:featuredmedia":[{"embeddable":true,"href":"https:\/\/new.findnews5.com\/index.php?rest_route=\/wp\/v2\/media\/4153"}],"wp:attachment":[{"href":"https:\/\/new.findnews5.com\/index.php?rest_route=%2Fwp%2Fv2%2Fmedia&parent=4152"}],"wp:term":[{"taxonomy":"category","embeddable":true,"href":"https:\/\/new.findnews5.com\/index.php?rest_route=%2Fwp%2Fv2%2Fcategories&post=4152"},{"taxonomy":"post_tag","embeddable":true,"href":"https:\/\/new.findnews5.com\/index.php?rest_route=%2Fwp%2Fv2%2Ftags&post=4152"}],"curies":[{"name":"wp","href":"https:\/\/api.w.org\/{rel}","templated":true}]}}