{"id":4145,"date":"2023-10-01T19:36:52","date_gmt":"2023-10-01T19:36:52","guid":{"rendered":"https:\/\/new.findnews5.com\/?p=4145"},"modified":"2023-10-01T19:36:53","modified_gmt":"2023-10-01T19:36:53","slug":"kjo-eshte-data-kur-do-te-nderrohet-ora","status":"publish","type":"post","link":"https:\/\/new.findnews5.com\/?p=4145","title":{"rendered":"Kjo \u00ebsht\u00eb data kur do t\u00eb nd\u00ebrrohet ora"},"content":{"rendered":"<div class=\"78954ae5fa42b68c1393fe3da4998882\" data-index=\"1\" style=\"float: none; margin:0px 0 0px 0; text-align:center;\">\n<div data-type=\"_mgwidget\" data-widget-id=\"1576712\">\r\n<\/div>\r\n<script>(function(w,q){w[q]=w[q]||[];w[q].push([\"_mgc.load\"])})(window,\"_mgq\");\r\n<\/script>\r\n\n<\/div>\n<p>Ora dim\u00ebrore rikthehet t\u00eb diel\u00ebn m\u00eb 29 tetor. M\u00eb pas do t\u00eb l\u00ebvizim nga 3 n\u00eb or\u00ebn 2:00 pas mesnate dhe k\u00ebshtu do t\u00eb kemi nj\u00eb or\u00eb shtes\u00eb p\u00ebr t\u00eb fjetur.<\/p>\n<p>Kompjuter\u00ebt, celular\u00ebt dhe pajisjet e tjera moderne q\u00eb tregojn\u00eb koh\u00ebn e sakt\u00eb do t\u00eb \u201ckalojn\u00eb\u201d automatikisht n\u00eb koh\u00ebn e dimrit.<\/p>\n<p>N\u00ebse keni ende nj\u00eb tregues t\u00eb koh\u00ebs analoge ose nj\u00eb pajisje m\u00eb t\u00eb vjet\u00ebr q\u00eb \u201cnuk di\u201d ta b\u00ebj\u00eb k\u00ebt\u00eb automatikisht, mos harroni t\u00eb l\u00ebvizni duart nj\u00eb or\u00eb pas, nga 3 n\u00eb 2 or\u00eb.<\/p>\n<p>Nuk \u00ebsht\u00eb arritur ende nj\u00eb marr\u00ebveshje p\u00ebr propozimin e kat\u00ebr viteve m\u00eb par\u00eb t\u00eb Komisionit Evropian p\u00ebr heqjen e ndryshimit sezonal t\u00eb or\u00ebs n\u00eb jav\u00ebn e fundit t\u00eb marsit, pra n\u00eb tetor.<\/p>\n<p>N\u00eb vitin 2019, propozimi u mb\u00ebshtet nga Parlamenti Evropian, por ai duhet t\u00eb miratohet nga shtetet an\u00ebtare.<\/p>\n\n<div style=\"font-size: 0px; height: 0px; line-height: 0px; margin: 0; padding: 0; clear: both;\"><\/div>","protected":false},"excerpt":{"rendered":"<p>Ora dim\u00ebrore rikthehet t\u00eb diel\u00ebn m\u00eb 29 tetor. M\u00eb pas do t\u00eb l\u00ebvizim nga 3 n\u00eb or\u00ebn 2:00 pas mesnate dhe k\u00ebshtu do t\u00eb kemi nj\u00eb or\u00eb&#8230; <\/p>\n","protected":false},"author":1,"featured_media":4146,"comment_status":"open","ping_status":"open","sticky":false,"template":"","format":"standard","meta":{"footnotes":""},"categories":[6],"tags":[],"class_list":["post-4145","post","type-post","status-publish","format-standard","has-post-thumbnail","hentry","category-lajme"],"_links":{"self":[{"href":"https:\/\/new.findnews5.com\/index.php?rest_route=\/wp\/v2\/posts\/4145","targetHints":{"allow":["GET"]}}],"collection":[{"href":"https:\/\/new.findnews5.com\/index.php?rest_route=\/wp\/v2\/posts"}],"about":[{"href":"https:\/\/new.findnews5.com\/index.php?rest_route=\/wp\/v2\/types\/post"}],"author":[{"embeddable":true,"href":"https:\/\/new.findnews5.com\/index.php?rest_route=\/wp\/v2\/users\/1"}],"replies":[{"embeddable":true,"href":"https:\/\/new.findnews5.com\/index.php?rest_route=%2Fwp%2Fv2%2Fcomments&post=4145"}],"version-history":[{"count":0,"href":"https:\/\/new.findnews5.com\/index.php?rest_route=\/wp\/v2\/posts\/4145\/revisions"}],"wp:featuredmedia":[{"embeddable":true,"href":"https:\/\/new.findnews5.com\/index.php?rest_route=\/wp\/v2\/media\/4146"}],"wp:attachment":[{"href":"https:\/\/new.findnews5.com\/index.php?rest_route=%2Fwp%2Fv2%2Fmedia&parent=4145"}],"wp:term":[{"taxonomy":"category","embeddable":true,"href":"https:\/\/new.findnews5.com\/index.php?rest_route=%2Fwp%2Fv2%2Fcategories&post=4145"},{"taxonomy":"post_tag","embeddable":true,"href":"https:\/\/new.findnews5.com\/index.php?rest_route=%2Fwp%2Fv2%2Ftags&post=4145"}],"curies":[{"name":"wp","href":"https:\/\/api.w.org\/{rel}","templated":true}]}}