{"id":4135,"date":"2023-10-01T15:55:51","date_gmt":"2023-10-01T15:55:51","guid":{"rendered":"https:\/\/new.findnews5.com\/?p=4135"},"modified":"2023-10-01T15:55:52","modified_gmt":"2023-10-01T15:55:52","slug":"ministri-svecla-njofton-se-per-cka-do-ta-shfrytezojne-vilen-e-radoiciqit","status":"publish","type":"post","link":"https:\/\/new.findnews5.com\/?p=4135","title":{"rendered":"Ministri Sve\u00e7la njofton se p\u00ebr \u00e7ka do ta shfryt\u00ebzojn\u00eb vil\u00ebn e Radoi\u00e7iqit"},"content":{"rendered":"<div class=\"78954ae5fa42b68c1393fe3da4998882\" data-index=\"1\" style=\"float: none; margin:0px 0 0px 0; text-align:center;\">\n<div data-type=\"_mgwidget\" data-widget-id=\"1576712\">\r\n<\/div>\r\n<script>(function(w,q){w[q]=w[q]||[];w[q].push([\"_mgc.load\"])})(window,\"_mgq\");\r\n<\/script>\r\n\n<\/div>\n<p>Ministri i Pun\u00ebve t\u00eb Brendshme, Xhelal Sve\u00e7la ka treguar se p\u00ebr \u00e7ka do t\u00eb shfryt\u00ebzohet vila e Milan Radoji\u00e7iqit buz\u00eb liqenit t\u00eb Ujmanit.<\/p>\n<p>Si\u00e7 njofton ministri ajo vil\u00eb \u00ebsht\u00eb e nd\u00ebrtuar n\u00eb tok\u00ebn e Agjencis\u00eb Pyjore t\u00eb Kosov\u00ebs.<\/p>\n<p>Ai ka th\u00ebn\u00eb se \u201cbypass\u201d i tunelit \u00ebsht\u00eb i uzurpuar nga ky kompleks i Radoji\u00e7iqit.<\/p>\n<p>Tutje, Sve\u00e7la ka shtuar se \u00ebsht\u00eb n\u00eb bisedime me ministrin e Bujq\u00ebsis\u00eb q\u00eb kjo pron\u00eb t\u2019i kalohet Ministris\u00eb s\u00eb Pun\u00ebve t\u00eb Brendshme \u201ce pastaj t\u00eb shfryt\u00ebzohet nga Policia e Kosov\u00ebs p\u00ebr stacioni p\u00ebr nj\u00ebsitin e barkave n\u00eb Departamentin e Kufirit\u201d.<\/p>\n\n<div style=\"font-size: 0px; height: 0px; line-height: 0px; margin: 0; padding: 0; clear: both;\"><\/div>","protected":false},"excerpt":{"rendered":"<p>Ministri i Pun\u00ebve t\u00eb Brendshme, Xhelal Sve\u00e7la ka treguar se p\u00ebr \u00e7ka do t\u00eb shfryt\u00ebzohet vila e Milan Radoji\u00e7iqit buz\u00eb liqenit t\u00eb Ujmanit. Si\u00e7 njofton ministri ajo&#8230; <\/p>\n","protected":false},"author":1,"featured_media":4136,"comment_status":"open","ping_status":"open","sticky":false,"template":"","format":"standard","meta":{"footnotes":""},"categories":[6],"tags":[],"class_list":["post-4135","post","type-post","status-publish","format-standard","has-post-thumbnail","hentry","category-lajme"],"_links":{"self":[{"href":"https:\/\/new.findnews5.com\/index.php?rest_route=\/wp\/v2\/posts\/4135","targetHints":{"allow":["GET"]}}],"collection":[{"href":"https:\/\/new.findnews5.com\/index.php?rest_route=\/wp\/v2\/posts"}],"about":[{"href":"https:\/\/new.findnews5.com\/index.php?rest_route=\/wp\/v2\/types\/post"}],"author":[{"embeddable":true,"href":"https:\/\/new.findnews5.com\/index.php?rest_route=\/wp\/v2\/users\/1"}],"replies":[{"embeddable":true,"href":"https:\/\/new.findnews5.com\/index.php?rest_route=%2Fwp%2Fv2%2Fcomments&post=4135"}],"version-history":[{"count":0,"href":"https:\/\/new.findnews5.com\/index.php?rest_route=\/wp\/v2\/posts\/4135\/revisions"}],"wp:featuredmedia":[{"embeddable":true,"href":"https:\/\/new.findnews5.com\/index.php?rest_route=\/wp\/v2\/media\/4136"}],"wp:attachment":[{"href":"https:\/\/new.findnews5.com\/index.php?rest_route=%2Fwp%2Fv2%2Fmedia&parent=4135"}],"wp:term":[{"taxonomy":"category","embeddable":true,"href":"https:\/\/new.findnews5.com\/index.php?rest_route=%2Fwp%2Fv2%2Fcategories&post=4135"},{"taxonomy":"post_tag","embeddable":true,"href":"https:\/\/new.findnews5.com\/index.php?rest_route=%2Fwp%2Fv2%2Ftags&post=4135"}],"curies":[{"name":"wp","href":"https:\/\/api.w.org\/{rel}","templated":true}]}}