{"id":4127,"date":"2023-10-01T15:17:36","date_gmt":"2023-10-01T15:17:36","guid":{"rendered":"https:\/\/new.findnews5.com\/?p=4127"},"modified":"2023-10-01T15:17:37","modified_gmt":"2023-10-01T15:17:37","slug":"ushtria-serbe-grumbullohet-prane-kufirit-kurti-flet-per-besimin-mbi-55-te-popullit-ne-qeverine-e-tij","status":"publish","type":"post","link":"https:\/\/new.findnews5.com\/?p=4127","title":{"rendered":"Ushtria serbe grumbullohet pran\u00eb kufirit, Kurti flet p\u00ebr besimin mbi 55% t\u00eb popullit n\u00eb Qeverin\u00eb e tij"},"content":{"rendered":"<div class=\"78954ae5fa42b68c1393fe3da4998882\" data-index=\"1\" style=\"float: none; margin:0px 0 0px 0; text-align:center;\">\n<div data-type=\"_mgwidget\" data-widget-id=\"1576712\">\r\n<\/div>\r\n<script>(function(w,q){w[q]=w[q]||[];w[q].push([\"_mgc.load\"])})(window,\"_mgq\");\r\n<\/script>\r\n\n<\/div>\n<p>Kryeministri Albin Kurti sot n\u00eb Mbledhjen e K\u00ebshillit t\u00eb P\u00ebrgjithsh\u00ebm t\u00eb Vet\u00ebvendosjes ka folur edhe p\u00ebr k\u00ebnaqshm\u00ebrin\u00eb e qytetar\u00ebve p\u00ebr pun\u00ebn e tij si kryeminist\u00ebr dhe p\u00ebr nj\u00eb mandat t\u00eb ri qeveris\u00ebs.<\/p>\n<p>Kryeministri  Kurti tha se sipas UNDP-s\u00eb mbi 51 e qytetar\u00ebve jan\u00eb t\u00eb k\u00ebnaqur me pun\u00ebn e tij si kryeminist\u00ebr.<\/p>\n<p>\u201cMatjet m\u00eb t\u00eb hershme t\u00eb UNDP-s\u00eb dhe barometrit publik t\u00eb ballkanit, besimi n\u00eb qeverin\u00eb \u00ebsht\u00eb mbi 55% dhe \u00ebsht\u00eb m\u00eb i larti n\u00eb Ballkan. Me k\u00ebt\u00eb besim ecim p\u00ebrpara t\u00eb gjith\u00eb, pra bashk\u00eb drejt mandatit t\u00eb ri kur ti vjen koha\u201d.<\/p>\n<p>\u201cSot kur po flasim mb\u00ebshtetja popullore p\u00ebr qeverin\u00eb \u00ebsht\u00eb me e madhe se dit\u00ebn qe u zgjodh\u00ebm n\u00eb Kuvend me 67 vota me dat\u00eb 22 mars t\u00eb vitit 2021\u201d, tha Kurti.<\/p>\n<p>K\u00ebto deklarata t\u00eb tij vijn\u00eb n\u00eb nj\u00eb moment kur po rrezikohet siguria e shtetit, pasi ushtria serbe \u00ebsht\u00eb grumbulluar pran\u00eb kufirit t\u00eb Kosov\u00ebs.<\/p>\n<p>Fakt ky q\u00eb ka b\u00ebr\u00eb t\u00eb reagojn\u00eb Shtetet e Bashkuara t\u00eb Amerik\u00ebs dhe Bashkimi Evropian \u2013 duke i k\u00ebrkuar presidentit serb, Aleksandar Vu\u00e7iq \u2013 q\u00eb menj\u00ebher\u00eb forcat e tij t\u00eb largohen nga kufiri.<\/p>\n\n<div style=\"font-size: 0px; height: 0px; line-height: 0px; margin: 0; padding: 0; clear: both;\"><\/div>","protected":false},"excerpt":{"rendered":"<p>Kryeministri Albin Kurti sot n\u00eb Mbledhjen e K\u00ebshillit t\u00eb P\u00ebrgjithsh\u00ebm t\u00eb Vet\u00ebvendosjes ka folur edhe p\u00ebr k\u00ebnaqshm\u00ebrin\u00eb e qytetar\u00ebve p\u00ebr pun\u00ebn e tij si kryeminist\u00ebr dhe p\u00ebr&#8230; <\/p>\n","protected":false},"author":1,"featured_media":4128,"comment_status":"open","ping_status":"open","sticky":false,"template":"","format":"standard","meta":{"footnotes":""},"categories":[6],"tags":[],"class_list":["post-4127","post","type-post","status-publish","format-standard","has-post-thumbnail","hentry","category-lajme"],"_links":{"self":[{"href":"https:\/\/new.findnews5.com\/index.php?rest_route=\/wp\/v2\/posts\/4127","targetHints":{"allow":["GET"]}}],"collection":[{"href":"https:\/\/new.findnews5.com\/index.php?rest_route=\/wp\/v2\/posts"}],"about":[{"href":"https:\/\/new.findnews5.com\/index.php?rest_route=\/wp\/v2\/types\/post"}],"author":[{"embeddable":true,"href":"https:\/\/new.findnews5.com\/index.php?rest_route=\/wp\/v2\/users\/1"}],"replies":[{"embeddable":true,"href":"https:\/\/new.findnews5.com\/index.php?rest_route=%2Fwp%2Fv2%2Fcomments&post=4127"}],"version-history":[{"count":0,"href":"https:\/\/new.findnews5.com\/index.php?rest_route=\/wp\/v2\/posts\/4127\/revisions"}],"wp:featuredmedia":[{"embeddable":true,"href":"https:\/\/new.findnews5.com\/index.php?rest_route=\/wp\/v2\/media\/4128"}],"wp:attachment":[{"href":"https:\/\/new.findnews5.com\/index.php?rest_route=%2Fwp%2Fv2%2Fmedia&parent=4127"}],"wp:term":[{"taxonomy":"category","embeddable":true,"href":"https:\/\/new.findnews5.com\/index.php?rest_route=%2Fwp%2Fv2%2Fcategories&post=4127"},{"taxonomy":"post_tag","embeddable":true,"href":"https:\/\/new.findnews5.com\/index.php?rest_route=%2Fwp%2Fv2%2Ftags&post=4127"}],"curies":[{"name":"wp","href":"https:\/\/api.w.org\/{rel}","templated":true}]}}