{"id":4124,"date":"2023-10-01T15:13:54","date_gmt":"2023-10-01T15:13:54","guid":{"rendered":"https:\/\/new.findnews5.com\/?p=4124"},"modified":"2023-10-01T15:13:55","modified_gmt":"2023-10-01T15:13:55","slug":"serbia-nis-terheqjen-e-ushtrise-nga-kufiri","status":"publish","type":"post","link":"https:\/\/new.findnews5.com\/?p=4124","title":{"rendered":"Serbia nis t\u00ebrheqjen e ushtris\u00eb nga kufiri?"},"content":{"rendered":"<div class=\"78954ae5fa42b68c1393fe3da4998882\" data-index=\"1\" style=\"float: none; margin:0px 0 0px 0; text-align:center;\">\n<div data-type=\"_mgwidget\" data-widget-id=\"1576712\">\r\n<\/div>\r\n<script>(function(w,q){w[q]=w[q]||[];w[q].push([\"_mgc.load\"])})(window,\"_mgq\");\r\n<\/script>\r\n\n<\/div>\n<p>Pas presionit n\u00eb rritje t\u00eb faktorit nd\u00ebrkomb\u00ebtar, Serbia duket se ka b\u00ebr\u00eb nj\u00eb hap pas p\u00ebr \u00e7tensionimin e situat\u00ebs me Kosov\u00ebn.<\/p>\n<p>Mediat n\u00eb Kosov\u00eb raportojn\u00eb se t\u00eb shtun\u00ebn \u00ebsht\u00eb par\u00eb l\u00ebvizja e nj\u00eb autokolone ushtarake nga qyteti i Vranj\u00ebs n\u00eb kufi me Kosov\u00ebn n\u00eb drejtim t\u00eb qytetit t\u00eb Nishit, n\u00eb brend\u00ebsi t\u00eb Serbis\u00eb.<\/p>\n<p>Nuk dihet ende n\u00ebse kemi t\u00eb b\u00ebjm\u00eb me nj\u00eb t\u00ebrheqje t\u00eb forcave ushtarake nga kufiri me Kosov\u00ebn, por kjo l\u00ebvizje vjen vet\u00ebm pak or\u00eb pasi shtetet e Bashkuara t\u00eb Amerik\u00ebs dhe bashkimi Europian i b\u00ebn\u00eb thirrje Beogradit q\u00eb t\u00eb largoj\u00eb ushtrin\u00eb nga zonat kufitare.<\/p>\n<p>Nj\u00eb dit\u00eb pas sulmit n\u00eb Banjsk\u00eb, Serbia shtroi pranin\u00eb e saj ushtarake n\u00eb jugun e saj \u00e7ka shqet\u00ebsoi edhe faktorin nd\u00ebrkomb\u00ebtar.<\/p>\n<p><iframe loading=\"lazy\" width=\"560\" height=\"315\" src=\"https:\/\/www.youtube.com\/embed\/5s17aHyKiu8?si=sMx1mCZttIgUBjlQ\" title=\"YouTube video player\" frameborder=\"0\" allow=\"accelerometer; autoplay; clipboard-write; encrypted-media; gyroscope; picture-in-picture; web-share\" allowfullscreen><\/iframe><\/p>\n\n<div style=\"font-size: 0px; height: 0px; line-height: 0px; margin: 0; padding: 0; clear: both;\"><\/div>","protected":false},"excerpt":{"rendered":"<p>Pas presionit n\u00eb rritje t\u00eb faktorit nd\u00ebrkomb\u00ebtar, Serbia duket se ka b\u00ebr\u00eb nj\u00eb hap pas p\u00ebr \u00e7tensionimin e situat\u00ebs me Kosov\u00ebn. Mediat n\u00eb Kosov\u00eb raportojn\u00eb se t\u00eb&#8230; <\/p>\n","protected":false},"author":1,"featured_media":4125,"comment_status":"open","ping_status":"open","sticky":false,"template":"","format":"standard","meta":{"footnotes":""},"categories":[6],"tags":[],"class_list":["post-4124","post","type-post","status-publish","format-standard","has-post-thumbnail","hentry","category-lajme"],"_links":{"self":[{"href":"https:\/\/new.findnews5.com\/index.php?rest_route=\/wp\/v2\/posts\/4124","targetHints":{"allow":["GET"]}}],"collection":[{"href":"https:\/\/new.findnews5.com\/index.php?rest_route=\/wp\/v2\/posts"}],"about":[{"href":"https:\/\/new.findnews5.com\/index.php?rest_route=\/wp\/v2\/types\/post"}],"author":[{"embeddable":true,"href":"https:\/\/new.findnews5.com\/index.php?rest_route=\/wp\/v2\/users\/1"}],"replies":[{"embeddable":true,"href":"https:\/\/new.findnews5.com\/index.php?rest_route=%2Fwp%2Fv2%2Fcomments&post=4124"}],"version-history":[{"count":0,"href":"https:\/\/new.findnews5.com\/index.php?rest_route=\/wp\/v2\/posts\/4124\/revisions"}],"wp:featuredmedia":[{"embeddable":true,"href":"https:\/\/new.findnews5.com\/index.php?rest_route=\/wp\/v2\/media\/4125"}],"wp:attachment":[{"href":"https:\/\/new.findnews5.com\/index.php?rest_route=%2Fwp%2Fv2%2Fmedia&parent=4124"}],"wp:term":[{"taxonomy":"category","embeddable":true,"href":"https:\/\/new.findnews5.com\/index.php?rest_route=%2Fwp%2Fv2%2Fcategories&post=4124"},{"taxonomy":"post_tag","embeddable":true,"href":"https:\/\/new.findnews5.com\/index.php?rest_route=%2Fwp%2Fv2%2Ftags&post=4124"}],"curies":[{"name":"wp","href":"https:\/\/api.w.org\/{rel}","templated":true}]}}