{"id":4120,"date":"2023-10-01T15:06:35","date_gmt":"2023-10-01T15:06:35","guid":{"rendered":"https:\/\/new.findnews5.com\/?p=4120"},"modified":"2023-10-01T15:06:36","modified_gmt":"2023-10-01T15:06:36","slug":"113-persona-vdiqen-ne-dasmen-e-tyre-nusja-dhe-dhendri-rrefejne-tmerrin-jemi-te-vdekur-nga-brenda","status":"publish","type":"post","link":"https:\/\/new.findnews5.com\/?p=4120","title":{"rendered":"113 persona vdiq\u00ebn n\u00eb dasm\u00ebn e tyre, nusja dhe dh\u00ebndri rr\u00ebfejn\u00eb tmerrin: Jemi t\u00eb vdekur nga brenda!"},"content":{"rendered":"<div class=\"78954ae5fa42b68c1393fe3da4998882\" data-index=\"1\" style=\"float: none; margin:0px 0 0px 0; text-align:center;\">\n<div data-type=\"_mgwidget\" data-widget-id=\"1576712\">\r\n<\/div>\r\n<script>(function(w,q){w[q]=w[q]||[];w[q].push([\"_mgc.load\"])})(window,\"_mgq\");\r\n<\/script>\r\n\n<\/div>\n<p>Nj\u00eb nuse dhe dh\u00ebnd\u00ebr, festa e dasm\u00ebs s\u00eb t\u00eb cil\u00ebve p\u00ebrfundoi n\u00eb tragjedi pasi nj\u00eb zjarr vrau m\u00eb shum\u00eb se 100 t\u00eb ftuar t\u00eb tyre, jan\u00eb t\u00eb shkat\u00ebrruar dhe nuk mund t\u00eb jetojn\u00eb m\u00eb n\u00eb komunitetin e tyre.<\/p>\n<p>Revan, 27 vje\u00e7 dhe nusja Haneen, 18, ndihen \u201ct\u00eb vdekura brenda\u201d pavar\u00ebsisht se i mbijetuan zjarrit, i cili filloi brenda nj\u00eb sall\u00eb t\u00eb mbushur plot dasma n\u00eb Qaraqosh, provinc\u00ebn Nineveh n\u00eb Irakun verior.<\/p>\n<p>Revan tha p\u00ebr Sky News se humbi 15 an\u00ebtar\u00eb t\u00eb familjes s\u00eb tij n\u00eb zjarr, duke shtuar se nusja \u201cnuk mund t\u00eb flas\u00eb\u201d pasi humbi 10 t\u00eb af\u00ebrm, p\u00ebrfshir\u00eb n\u00ebn\u00ebn dhe v\u00ebllain e saj. N\u00eb gjendje kritike \u00ebsht\u00eb edhe babai i saj.<\/p>\n<p>Kujtojm\u00eb se nga ngjarja t\u00eb  pakt\u00ebn 150 persona mor\u00ebm l\u00ebndime.<\/p>\n<p><iframe loading=\"lazy\" width=\"560\" height=\"315\" src=\"https:\/\/www.youtube.com\/embed\/PTO1uKKCrXw?si=a-lLeuahmevVKubI\" title=\"YouTube video player\" frameborder=\"0\" allow=\"accelerometer; autoplay; clipboard-write; encrypted-media; gyroscope; picture-in-picture; web-share\" allowfullscreen><\/iframe><\/p>\n\n<div style=\"font-size: 0px; height: 0px; line-height: 0px; margin: 0; padding: 0; clear: both;\"><\/div>","protected":false},"excerpt":{"rendered":"<p>Nj\u00eb nuse dhe dh\u00ebnd\u00ebr, festa e dasm\u00ebs s\u00eb t\u00eb cil\u00ebve p\u00ebrfundoi n\u00eb tragjedi pasi nj\u00eb zjarr vrau m\u00eb shum\u00eb se 100 t\u00eb ftuar t\u00eb tyre, jan\u00eb t\u00eb&#8230; <\/p>\n","protected":false},"author":1,"featured_media":4122,"comment_status":"open","ping_status":"open","sticky":false,"template":"","format":"standard","meta":{"footnotes":""},"categories":[6],"tags":[],"class_list":["post-4120","post","type-post","status-publish","format-standard","has-post-thumbnail","hentry","category-lajme"],"_links":{"self":[{"href":"https:\/\/new.findnews5.com\/index.php?rest_route=\/wp\/v2\/posts\/4120","targetHints":{"allow":["GET"]}}],"collection":[{"href":"https:\/\/new.findnews5.com\/index.php?rest_route=\/wp\/v2\/posts"}],"about":[{"href":"https:\/\/new.findnews5.com\/index.php?rest_route=\/wp\/v2\/types\/post"}],"author":[{"embeddable":true,"href":"https:\/\/new.findnews5.com\/index.php?rest_route=\/wp\/v2\/users\/1"}],"replies":[{"embeddable":true,"href":"https:\/\/new.findnews5.com\/index.php?rest_route=%2Fwp%2Fv2%2Fcomments&post=4120"}],"version-history":[{"count":0,"href":"https:\/\/new.findnews5.com\/index.php?rest_route=\/wp\/v2\/posts\/4120\/revisions"}],"wp:featuredmedia":[{"embeddable":true,"href":"https:\/\/new.findnews5.com\/index.php?rest_route=\/wp\/v2\/media\/4122"}],"wp:attachment":[{"href":"https:\/\/new.findnews5.com\/index.php?rest_route=%2Fwp%2Fv2%2Fmedia&parent=4120"}],"wp:term":[{"taxonomy":"category","embeddable":true,"href":"https:\/\/new.findnews5.com\/index.php?rest_route=%2Fwp%2Fv2%2Fcategories&post=4120"},{"taxonomy":"post_tag","embeddable":true,"href":"https:\/\/new.findnews5.com\/index.php?rest_route=%2Fwp%2Fv2%2Ftags&post=4120"}],"curies":[{"name":"wp","href":"https:\/\/api.w.org\/{rel}","templated":true}]}}