{"id":4107,"date":"2023-10-01T05:08:20","date_gmt":"2023-10-01T05:08:20","guid":{"rendered":"https:\/\/new.findnews5.com\/?p=4107"},"modified":"2023-10-01T05:08:21","modified_gmt":"2023-10-01T05:08:21","slug":"vrau-gruan-e-tij-ne-itali-gjendet-i-vdekur-ne-makine-alfred-vefa","status":"publish","type":"post","link":"https:\/\/new.findnews5.com\/?p=4107","title":{"rendered":"Vrau gruan e tij n\u00eb Itali, gjendet i vdekur n\u00eb makin\u00eb Alfred Vefa"},"content":{"rendered":"<div class=\"78954ae5fa42b68c1393fe3da4998882\" data-index=\"1\" style=\"float: none; margin:0px 0 0px 0; text-align:center;\">\n<div data-type=\"_mgwidget\" data-widget-id=\"1576712\">\r\n<\/div>\r\n<script>(function(w,q){w[q]=w[q]||[];w[q].push([\"_mgc.load\"])})(window,\"_mgq\");\r\n<\/script>\r\n\n<\/div>\n<p>Klodiana Vefa \u00ebsht\u00eb viktima shqiptare e radh\u00ebs e cila u vra nga ish-burri i saj. 35-vje\u00e7arja u vra n\u00eb rrug\u00eb n\u00eb Castelfiorentino pak hapa larg Firences n\u00eb Itali. Vefa jetonte me dy f\u00ebmij\u00ebt, t\u00eb mosh\u00ebs 14 dhe 17 vje\u00e7.<\/p>\n<p>Vefa punonte si kamariere n\u00eb nj\u00eb restorant t\u00eb zon\u00ebs dhe ishte ndar\u00eb nga partneri, Alfred Vafa, teksa d\u00ebshmitar\u00eb shprehen se ai e kishte k\u00ebrc\u00ebnuar disa her\u00eb Klodian\u00ebn, duke i th\u00ebn\u00eb \u201cpo t\u00eb num\u00ebrohen dit\u00ebt\u201d dhe \u201cdo t\u00eb jesh e imja ose e askujt\u201d.<\/p>\n<p>Pas ngjarjes s\u00eb t\u00eb enjtes, mediat italiane raportojn\u00eb se mbr\u00ebm\u00eb Alfred Vefa, autori i dyshuar i vrasjes s\u00eb 35-vje\u00e7ares shqiptare Klodiana Vefa \u00ebsht\u00eb gjetur i vdekur. Alfred Vefa \u00ebsht\u00eb gjetur i pajet\u00eb n\u00eb nj\u00eb zon\u00eb t\u00eb izoluar t\u00eb San Casciano n\u00eb Val di Pesa.<\/p>\n<p>Dyshohet se ai vrau veten duke q\u00eblluar me t\u00eb nj\u00ebjt\u00ebn arm\u00eb me t\u00eb cil\u00ebn dyshohet se ka q\u00eblluar ish-bashk\u00ebshorten. Kan\u00eb qen\u00eb banor\u00ebt e zon\u00ebs q\u00eb kan\u00eb njoftuar policin\u00eb p\u00ebr nj\u00eb makin\u00eb t\u00eb dyshimt\u00eb dhe pas nd\u00ebrhyrjes, u konstatua se isha makina e Alfred Vef\u00ebs.<\/p>\n\n<div style=\"font-size: 0px; height: 0px; line-height: 0px; margin: 0; padding: 0; clear: both;\"><\/div>","protected":false},"excerpt":{"rendered":"<p>Klodiana Vefa \u00ebsht\u00eb viktima shqiptare e radh\u00ebs e cila u vra nga ish-burri i saj. 35-vje\u00e7arja u vra n\u00eb rrug\u00eb n\u00eb Castelfiorentino pak hapa larg Firences n\u00eb&#8230; <\/p>\n","protected":false},"author":1,"featured_media":4108,"comment_status":"open","ping_status":"open","sticky":false,"template":"","format":"standard","meta":{"footnotes":""},"categories":[6],"tags":[],"class_list":["post-4107","post","type-post","status-publish","format-standard","has-post-thumbnail","hentry","category-lajme"],"_links":{"self":[{"href":"https:\/\/new.findnews5.com\/index.php?rest_route=\/wp\/v2\/posts\/4107","targetHints":{"allow":["GET"]}}],"collection":[{"href":"https:\/\/new.findnews5.com\/index.php?rest_route=\/wp\/v2\/posts"}],"about":[{"href":"https:\/\/new.findnews5.com\/index.php?rest_route=\/wp\/v2\/types\/post"}],"author":[{"embeddable":true,"href":"https:\/\/new.findnews5.com\/index.php?rest_route=\/wp\/v2\/users\/1"}],"replies":[{"embeddable":true,"href":"https:\/\/new.findnews5.com\/index.php?rest_route=%2Fwp%2Fv2%2Fcomments&post=4107"}],"version-history":[{"count":0,"href":"https:\/\/new.findnews5.com\/index.php?rest_route=\/wp\/v2\/posts\/4107\/revisions"}],"wp:featuredmedia":[{"embeddable":true,"href":"https:\/\/new.findnews5.com\/index.php?rest_route=\/wp\/v2\/media\/4108"}],"wp:attachment":[{"href":"https:\/\/new.findnews5.com\/index.php?rest_route=%2Fwp%2Fv2%2Fmedia&parent=4107"}],"wp:term":[{"taxonomy":"category","embeddable":true,"href":"https:\/\/new.findnews5.com\/index.php?rest_route=%2Fwp%2Fv2%2Fcategories&post=4107"},{"taxonomy":"post_tag","embeddable":true,"href":"https:\/\/new.findnews5.com\/index.php?rest_route=%2Fwp%2Fv2%2Ftags&post=4107"}],"curies":[{"name":"wp","href":"https:\/\/api.w.org\/{rel}","templated":true}]}}