{"id":4100,"date":"2023-10-01T04:58:59","date_gmt":"2023-10-01T04:58:59","guid":{"rendered":"https:\/\/new.findnews5.com\/?p=4100"},"modified":"2023-10-01T04:59:00","modified_gmt":"2023-10-01T04:59:00","slug":"ushtria-serbe-afer-kufirit-ja-cfare-ndodhe-nese-serbia-e-sulmon-kosoven","status":"publish","type":"post","link":"https:\/\/new.findnews5.com\/?p=4100","title":{"rendered":"Ushtria serbe af\u00ebr kufirit \/ Ja \u00e7far\u00eb ndodh\u00eb n\u00ebse Serbia e sulmon Kosov\u00ebn&#8230;"},"content":{"rendered":"<div class=\"78954ae5fa42b68c1393fe3da4998882\" data-index=\"1\" style=\"float: none; margin:0px 0 0px 0; text-align:center;\">\n<div data-type=\"_mgwidget\" data-widget-id=\"1576712\">\r\n<\/div>\r\n<script>(function(w,q){w[q]=w[q]||[];w[q].push([\"_mgc.load\"])})(window,\"_mgq\");\r\n<\/script>\r\n\n<\/div>\n<p>Eksperti i siguris\u00eb, Ilir Kulla, ishte i ftuar k\u00ebt\u00eb t\u00eb shtun\u00eb n\u00eb emisionin Revie\u00eb n\u00eb Eurone\u00ebs Albania ku foli n\u00eb lidhje me situat\u00ebn n\u00eb veri t\u00eb Kosov\u00ebs.<\/p>\n<p>Kulla tha se shtimi i forcave t\u00eb ushtris\u00eb serbe n\u00eb kufi me Kosov\u00ebn, \u00ebsht\u00eb thjesht nj\u00eb sho\u00eb, pasi Serbia e ka provuar disa her\u00eb luft\u00ebn dhe ka humbur.<\/p>\n<p>Sipas tij n\u00ebse Serbia sulmon Kosov\u00ebn, at\u00ebher\u00eb ajo do t\u00eb ndahet akoma m\u00eb shum\u00eb n\u00eb territore m\u00eb t\u00eb vogla.<\/p>\n<p>\u201cPas k\u00ebsaj q\u00eb p\u00ebsuan para nj\u00eb java ata nuk \u00e7ojn\u00eb dot rinin\u00eb e tyre n\u00eb luft\u00eb. Rinia e sotme e Serbis\u00eb nuk \u00ebsht\u00eb m\u00eb ajo e p\u00ebrpara 25 viteve, nuk mund t\u00eb p\u00ebrfundoj\u00eb m\u00eb si rinia e 25 viteve m\u00eb par\u00eb. Serbia nuk mund t\u00eb kthehet aty ku ishte para 25 viteve. E ka pravuar luft\u00ebn, ishin n\u00eb Bosnje dhe Bosnja \u00ebsht\u00eb aty. E provuan n\u00eb Kroaci dhe ik\u00ebn serb\u00ebt nga Kroacia, e pastruan nga serb\u00ebt. N\u00eb 95-\u00ebn ka qen\u00eb nj\u00eb shqiptar ai q\u00eb kryesonte aksionin, Bekim Berisha.<\/p>\n<p>E provuan n\u00eb Mal t\u00eb Zi dhe Mali i Zi u b\u00eb shteti pavarur. E provuan n\u00eb Kosov\u00eb dhe Kosova \u00ebsht\u00eb aty.<\/p>\n<p>Ta provojn\u00eb prap\u00eb! N\u00ebse duan q\u00eb Serbia t\u00eb ndahet n\u00eb territore m\u00eb t\u00eb vogla le ta fillojn\u00eb luft\u00ebn.<\/p>\n<p>Ti kujton se serb\u00ebt jan\u00eb si rus\u00ebt. Jan\u00eb sh\u00ebmb\u00ebllyr\u00eb e tyre. Por ata nuk kan\u00eb asnj\u00eb lloj lidhje. Madje dhe n\u00eb Luft\u00ebn e Dyt\u00eb Bot\u00ebrore erdh\u00ebn rus\u00ebt i \u00e7liruan. Ata nuk b\u00ebjn\u00eb dot luft\u00eb\u201d, tha Kulla.<\/p>\n\n<div style=\"font-size: 0px; height: 0px; line-height: 0px; margin: 0; padding: 0; clear: both;\"><\/div>","protected":false},"excerpt":{"rendered":"<p>Eksperti i siguris\u00eb, Ilir Kulla, ishte i ftuar k\u00ebt\u00eb t\u00eb shtun\u00eb n\u00eb emisionin Revie\u00eb n\u00eb Eurone\u00ebs Albania ku foli n\u00eb lidhje me situat\u00ebn n\u00eb veri t\u00eb Kosov\u00ebs&#8230;. <\/p>\n","protected":false},"author":1,"featured_media":4101,"comment_status":"open","ping_status":"open","sticky":false,"template":"","format":"standard","meta":{"footnotes":""},"categories":[6],"tags":[],"class_list":["post-4100","post","type-post","status-publish","format-standard","has-post-thumbnail","hentry","category-lajme"],"_links":{"self":[{"href":"https:\/\/new.findnews5.com\/index.php?rest_route=\/wp\/v2\/posts\/4100","targetHints":{"allow":["GET"]}}],"collection":[{"href":"https:\/\/new.findnews5.com\/index.php?rest_route=\/wp\/v2\/posts"}],"about":[{"href":"https:\/\/new.findnews5.com\/index.php?rest_route=\/wp\/v2\/types\/post"}],"author":[{"embeddable":true,"href":"https:\/\/new.findnews5.com\/index.php?rest_route=\/wp\/v2\/users\/1"}],"replies":[{"embeddable":true,"href":"https:\/\/new.findnews5.com\/index.php?rest_route=%2Fwp%2Fv2%2Fcomments&post=4100"}],"version-history":[{"count":0,"href":"https:\/\/new.findnews5.com\/index.php?rest_route=\/wp\/v2\/posts\/4100\/revisions"}],"wp:featuredmedia":[{"embeddable":true,"href":"https:\/\/new.findnews5.com\/index.php?rest_route=\/wp\/v2\/media\/4101"}],"wp:attachment":[{"href":"https:\/\/new.findnews5.com\/index.php?rest_route=%2Fwp%2Fv2%2Fmedia&parent=4100"}],"wp:term":[{"taxonomy":"category","embeddable":true,"href":"https:\/\/new.findnews5.com\/index.php?rest_route=%2Fwp%2Fv2%2Fcategories&post=4100"},{"taxonomy":"post_tag","embeddable":true,"href":"https:\/\/new.findnews5.com\/index.php?rest_route=%2Fwp%2Fv2%2Ftags&post=4100"}],"curies":[{"name":"wp","href":"https:\/\/api.w.org\/{rel}","templated":true}]}}