{"id":4091,"date":"2023-10-01T04:43:50","date_gmt":"2023-10-01T04:43:50","guid":{"rendered":"https:\/\/new.findnews5.com\/?p=4091"},"modified":"2023-10-01T04:43:51","modified_gmt":"2023-10-01T04:43:51","slug":"ekskluzive-ky-eshte-19-vjecari-nga-kosova-qe-humbi-jeten-pas-plageve-te-marra-ne-kufirin-serbi-kroaci","status":"publish","type":"post","link":"https:\/\/new.findnews5.com\/?p=4091","title":{"rendered":"Ekskluzive: Ky \u00ebsht\u00eb 19 vje\u00e7ari nga Kosova q\u00eb humbi jet\u00ebn pas plag\u00ebve t\u00eb marra n\u00eb kufirin Serbi-Kroaci\u00a0"},"content":{"rendered":"<div class=\"78954ae5fa42b68c1393fe3da4998882\" data-index=\"1\" style=\"float: none; margin:0px 0 0px 0; text-align:center;\">\n<div data-type=\"_mgwidget\" data-widget-id=\"1576712\">\r\n<\/div>\r\n<script>(function(w,q){w[q]=w[q]||[];w[q].push([\"_mgc.load\"])})(window,\"_mgq\");\r\n<\/script>\r\n\n<\/div>\n<p>Af\u00ebr pik\u00ebs kufitare Serbi-Kroaci q\u00eb gjendet n\u00eb fshatin Batrovc n\u00eb rajonin e Vojvodin\u00ebs n\u00eb Serbi \u00ebsht\u00eb raportuar nga mediat serbe se jan\u00eb sulmuar dy t\u00eb rinj nga Kosova nga disa persona t\u00eb panjohur.<br \/>\nNj\u00ebri prej tyre, 19 vje\u00e7ar, ka vdekur nga plag\u00ebt e marra me thik\u00eb.<\/p>\n<p>Veriu.info m\u00ebson se kosovari i vdekur nga plag\u00ebt e marra \u00ebsht\u00eb Shqipron Mu\u00e7iqi.<br \/>\nLajmin p\u00ebr vdekjen e tij e kan\u00eb konfirmuar edhe familjar\u00ebt n\u00eb rrjete sociale, raporton Veriu.info<\/p>\n<p>Ndryshe, Ministria e Pun\u00ebve t\u00eb Jashtme dhe Diaspor\u00ebs n\u00ebp\u00ebrmjet Zyr\u00ebs Nd\u00ebrlidh\u00ebse t\u00eb Republik\u00ebs s\u00eb Kosov\u00ebs n\u00eb Serbi, \u00ebsht\u00eb njoftuar se nj\u00eb shtetas i Republik\u00ebs s\u00eb Kosov\u00ebs, \u00ebsht\u00eb gjetur pa shenja jete n\u00eb territorin e Serbis\u00eb.<\/p>\n<p>\u201cRrethanat e vdekjes s\u00eb tij nuk jan\u00eb sqaruar ende krejt\u00ebsisht, mir\u00ebpo nga informacionet e deritanishme nuk ka indikacion p\u00ebr nj\u00eb vdekje t\u00eb shkaktuar nga ana e autoriteteve serbe. Ministria e Pun\u00ebve t\u00eb Jashtme dhe Diaspor\u00ebska udh\u00ebzuar Zyr\u00ebn Nd\u00ebrlidh\u00ebse t\u00eb Republik\u00ebs s\u00eb Kosov\u00ebs n\u00eb Serbi q\u00eb t\u00eb nd\u00ebrmarr\u00eb t\u00eb gjitha hapat e nevojsh\u00ebm dhe veprimet e duhura sa i p\u00ebrket riatdhesimit t\u00eb trupit t\u00eb pajet\u00eb dhe \u00ebsht\u00eb n\u00eb kontakt t\u00eb vazhduesh\u00ebm me familjen e viktim\u00ebs p\u00ebr t\u2019i ofruar atyre mb\u00ebshtetjen e nevojshme institucionale\u201d, thuhet n\u00eb njoftimin e MPJ.<\/p>\n\n<div style=\"font-size: 0px; height: 0px; line-height: 0px; margin: 0; padding: 0; clear: both;\"><\/div>","protected":false},"excerpt":{"rendered":"<p>Af\u00ebr pik\u00ebs kufitare Serbi-Kroaci q\u00eb gjendet n\u00eb fshatin Batrovc n\u00eb rajonin e Vojvodin\u00ebs n\u00eb Serbi \u00ebsht\u00eb raportuar nga mediat serbe se jan\u00eb sulmuar dy t\u00eb rinj nga&#8230; <\/p>\n","protected":false},"author":1,"featured_media":4092,"comment_status":"open","ping_status":"open","sticky":false,"template":"","format":"standard","meta":{"footnotes":""},"categories":[6],"tags":[],"class_list":["post-4091","post","type-post","status-publish","format-standard","has-post-thumbnail","hentry","category-lajme"],"_links":{"self":[{"href":"https:\/\/new.findnews5.com\/index.php?rest_route=\/wp\/v2\/posts\/4091","targetHints":{"allow":["GET"]}}],"collection":[{"href":"https:\/\/new.findnews5.com\/index.php?rest_route=\/wp\/v2\/posts"}],"about":[{"href":"https:\/\/new.findnews5.com\/index.php?rest_route=\/wp\/v2\/types\/post"}],"author":[{"embeddable":true,"href":"https:\/\/new.findnews5.com\/index.php?rest_route=\/wp\/v2\/users\/1"}],"replies":[{"embeddable":true,"href":"https:\/\/new.findnews5.com\/index.php?rest_route=%2Fwp%2Fv2%2Fcomments&post=4091"}],"version-history":[{"count":0,"href":"https:\/\/new.findnews5.com\/index.php?rest_route=\/wp\/v2\/posts\/4091\/revisions"}],"wp:featuredmedia":[{"embeddable":true,"href":"https:\/\/new.findnews5.com\/index.php?rest_route=\/wp\/v2\/media\/4092"}],"wp:attachment":[{"href":"https:\/\/new.findnews5.com\/index.php?rest_route=%2Fwp%2Fv2%2Fmedia&parent=4091"}],"wp:term":[{"taxonomy":"category","embeddable":true,"href":"https:\/\/new.findnews5.com\/index.php?rest_route=%2Fwp%2Fv2%2Fcategories&post=4091"},{"taxonomy":"post_tag","embeddable":true,"href":"https:\/\/new.findnews5.com\/index.php?rest_route=%2Fwp%2Fv2%2Ftags&post=4091"}],"curies":[{"name":"wp","href":"https:\/\/api.w.org\/{rel}","templated":true}]}}