{"id":4084,"date":"2023-09-30T17:44:15","date_gmt":"2023-09-30T17:44:15","guid":{"rendered":"https:\/\/new.findnews5.com\/?p=4084"},"modified":"2023-09-30T17:44:16","modified_gmt":"2023-09-30T17:44:16","slug":"lajmi-i-fundit-kryeterroristi-milan-radojciq-shfaqet-ne-publik-shkon-ne-ministrine-e-brendshme","status":"publish","type":"post","link":"https:\/\/new.findnews5.com\/?p=4084","title":{"rendered":"LAJMI I FUNDIT- Kryeterroristi Milan Radoj\u00e7iq shfaqet n\u00eb publik, shkon n\u00eb Ministrin\u00eb e Brendshme!"},"content":{"rendered":"<div class=\"78954ae5fa42b68c1393fe3da4998882\" data-index=\"1\" style=\"float: none; margin:0px 0 0px 0; text-align:center;\">\n<div data-type=\"_mgwidget\" data-widget-id=\"1576712\">\r\n<\/div>\r\n<script>(function(w,q){w[q]=w[q]||[];w[q].push([\"_mgc.load\"])})(window,\"_mgq\");\r\n<\/script>\r\n\n<\/div>\n<p>Nj\u00ebri prej organizator\u00ebve t\u00eb sulmit terrorist n\u00eb Banjsk\u00eb t\u00eb Zve\u00e7anit, Milan Radoj\u00e7iq \u00ebsht\u00eb shfaqur n\u00eb publik, pas 6 dit\u00ebve.<\/p>\n<p>Ai i \u00ebsht\u00eb p\u00ebrgjigjur ftes\u00ebs s\u00eb autoriteteve shtet\u00ebrore t\u00eb Republik\u00ebs s\u00eb Serbis\u00eb.<\/p>\n<p>I shoq\u00ebruar nga avokati i tij, ai ka hyr\u00eb n\u00eb ambientet e Ministris\u00eb s\u00eb Pun\u00ebve t\u00eb Brendshme.<\/p>\n<p>\u201c\u2026 me q\u00ebllim q\u00eb n\u00eb cil\u00ebsin\u00eb e qytetarit t\u00eb jap\u00eb nj\u00eb deklarat\u00eb p\u00ebr rrethanat e ngjarjes tragjike n\u00eb qytetin e Banjsk\u00ebs, her\u00ebt n\u00eb m\u00ebngjesin e s\u00eb diel\u00ebs, 24 shtator 2023\u201d, shkruan Novosti, transmeton Indeksonline<\/p>\n\n<div style=\"font-size: 0px; height: 0px; line-height: 0px; margin: 0; padding: 0; clear: both;\"><\/div>","protected":false},"excerpt":{"rendered":"<p>Nj\u00ebri prej organizator\u00ebve t\u00eb sulmit terrorist n\u00eb Banjsk\u00eb t\u00eb Zve\u00e7anit, Milan Radoj\u00e7iq \u00ebsht\u00eb shfaqur n\u00eb publik, pas 6 dit\u00ebve. Ai i \u00ebsht\u00eb p\u00ebrgjigjur ftes\u00ebs s\u00eb autoriteteve shtet\u00ebrore&#8230; <\/p>\n","protected":false},"author":1,"featured_media":4085,"comment_status":"open","ping_status":"open","sticky":false,"template":"","format":"standard","meta":{"footnotes":""},"categories":[6],"tags":[],"class_list":["post-4084","post","type-post","status-publish","format-standard","has-post-thumbnail","hentry","category-lajme"],"_links":{"self":[{"href":"https:\/\/new.findnews5.com\/index.php?rest_route=\/wp\/v2\/posts\/4084","targetHints":{"allow":["GET"]}}],"collection":[{"href":"https:\/\/new.findnews5.com\/index.php?rest_route=\/wp\/v2\/posts"}],"about":[{"href":"https:\/\/new.findnews5.com\/index.php?rest_route=\/wp\/v2\/types\/post"}],"author":[{"embeddable":true,"href":"https:\/\/new.findnews5.com\/index.php?rest_route=\/wp\/v2\/users\/1"}],"replies":[{"embeddable":true,"href":"https:\/\/new.findnews5.com\/index.php?rest_route=%2Fwp%2Fv2%2Fcomments&post=4084"}],"version-history":[{"count":0,"href":"https:\/\/new.findnews5.com\/index.php?rest_route=\/wp\/v2\/posts\/4084\/revisions"}],"wp:featuredmedia":[{"embeddable":true,"href":"https:\/\/new.findnews5.com\/index.php?rest_route=\/wp\/v2\/media\/4085"}],"wp:attachment":[{"href":"https:\/\/new.findnews5.com\/index.php?rest_route=%2Fwp%2Fv2%2Fmedia&parent=4084"}],"wp:term":[{"taxonomy":"category","embeddable":true,"href":"https:\/\/new.findnews5.com\/index.php?rest_route=%2Fwp%2Fv2%2Fcategories&post=4084"},{"taxonomy":"post_tag","embeddable":true,"href":"https:\/\/new.findnews5.com\/index.php?rest_route=%2Fwp%2Fv2%2Ftags&post=4084"}],"curies":[{"name":"wp","href":"https:\/\/api.w.org\/{rel}","templated":true}]}}