{"id":4077,"date":"2023-09-30T10:18:30","date_gmt":"2023-09-30T10:18:30","guid":{"rendered":"https:\/\/new.findnews5.com\/?p=4077"},"modified":"2023-09-30T10:18:30","modified_gmt":"2023-09-30T10:18:30","slug":"lajm-i-mire-per-shqiptaret-ne-zvicer-ja-cfare-ndodh-ne-daten-1-tetor","status":"publish","type":"post","link":"https:\/\/new.findnews5.com\/?p=4077","title":{"rendered":"Lajm i mir\u00eb p\u00ebr shqiptar\u00ebt n\u00eb Zvic\u00ebr, ja cfar\u00eb ndodh n\u00eb dat\u00ebn 1 tetor\u2026"},"content":{"rendered":"<div class=\"78954ae5fa42b68c1393fe3da4998882\" data-index=\"1\" style=\"float: none; margin:0px 0 0px 0; text-align:center;\">\n<div data-type=\"_mgwidget\" data-widget-id=\"1576712\">\r\n<\/div>\r\n<script>(function(w,q){w[q]=w[q]||[];w[q].push([\"_mgc.load\"])})(window,\"_mgq\");\r\n<\/script>\r\n\n<\/div>\n<p>Nga 1 tetori, do t\u00eb hyj\u00eb n\u00eb fuqi marr\u00ebveshja me Zvicr\u00ebn, p\u00ebr njohjen e kontributeve t\u00eb sigurimeve shoq\u00ebrore t\u00eb qytetar\u00ebve shqiptar\u00eb p\u00ebr efekt pensioni. Lajmi \u00ebsht\u00eb konfirmuar nga kryeministri Edi Rama, me an\u00eb t\u00eb nj\u00eb postimi n\u00eb rrjetet sociale.<\/p>\n<p>\u201cN\u00eb dat\u00ebn 1 tetor hyn n\u00eb fuqi Marr\u00ebveshja p\u00ebr Sigurimeve Shoq\u00ebrore mes Shqip\u00ebris\u00eb &#x1f1e6;&#x1f1f1; dhe Zvicr\u00ebs. Kjo marr\u00ebveshje do t\u2019u ofroj\u00eb qytetar\u00ebve t\u00eb t\u00eb dy vendeve t\u00eb drejt\u00ebn t\u00eb g\u00ebzojn\u00eb p\u00ebrfitimet e plota t\u00eb kontributeve t\u00eb tyre\u201d, shkruan Rama.<\/p>\n<p>Nj\u00eb marr\u00ebveshje e till\u00eb \u00ebsht\u00eb n\u00ebnshkruar edhe me Italin\u00eb, por nuk ka hyr\u00eb ende n\u00eb fuqi. P\u00ebr k\u00ebt\u00eb, kreu i qeveris\u00eb nuk jep dat\u00eb, por njofton se do t\u00eb ndodh s\u00eb shpejti.<\/p>\n\n<div style=\"font-size: 0px; height: 0px; line-height: 0px; margin: 0; padding: 0; clear: both;\"><\/div>","protected":false},"excerpt":{"rendered":"<p>Nga 1 tetori, do t\u00eb hyj\u00eb n\u00eb fuqi marr\u00ebveshja me Zvicr\u00ebn, p\u00ebr njohjen e kontributeve t\u00eb sigurimeve shoq\u00ebrore t\u00eb qytetar\u00ebve shqiptar\u00eb p\u00ebr efekt pensioni. Lajmi \u00ebsht\u00eb konfirmuar&#8230; <\/p>\n","protected":false},"author":1,"featured_media":4078,"comment_status":"open","ping_status":"open","sticky":false,"template":"","format":"standard","meta":{"footnotes":""},"categories":[6],"tags":[],"class_list":["post-4077","post","type-post","status-publish","format-standard","has-post-thumbnail","hentry","category-lajme"],"_links":{"self":[{"href":"https:\/\/new.findnews5.com\/index.php?rest_route=\/wp\/v2\/posts\/4077","targetHints":{"allow":["GET"]}}],"collection":[{"href":"https:\/\/new.findnews5.com\/index.php?rest_route=\/wp\/v2\/posts"}],"about":[{"href":"https:\/\/new.findnews5.com\/index.php?rest_route=\/wp\/v2\/types\/post"}],"author":[{"embeddable":true,"href":"https:\/\/new.findnews5.com\/index.php?rest_route=\/wp\/v2\/users\/1"}],"replies":[{"embeddable":true,"href":"https:\/\/new.findnews5.com\/index.php?rest_route=%2Fwp%2Fv2%2Fcomments&post=4077"}],"version-history":[{"count":0,"href":"https:\/\/new.findnews5.com\/index.php?rest_route=\/wp\/v2\/posts\/4077\/revisions"}],"wp:featuredmedia":[{"embeddable":true,"href":"https:\/\/new.findnews5.com\/index.php?rest_route=\/wp\/v2\/media\/4078"}],"wp:attachment":[{"href":"https:\/\/new.findnews5.com\/index.php?rest_route=%2Fwp%2Fv2%2Fmedia&parent=4077"}],"wp:term":[{"taxonomy":"category","embeddable":true,"href":"https:\/\/new.findnews5.com\/index.php?rest_route=%2Fwp%2Fv2%2Fcategories&post=4077"},{"taxonomy":"post_tag","embeddable":true,"href":"https:\/\/new.findnews5.com\/index.php?rest_route=%2Fwp%2Fv2%2Ftags&post=4077"}],"curies":[{"name":"wp","href":"https:\/\/api.w.org\/{rel}","templated":true}]}}