{"id":4056,"date":"2023-09-30T09:04:25","date_gmt":"2023-09-30T09:04:25","guid":{"rendered":"https:\/\/new.findnews5.com\/?p=4056"},"modified":"2023-09-30T09:04:26","modified_gmt":"2023-09-30T09:04:26","slug":"pese-dite-nga-sulmi-terrorist-kengetari-shqiptar-qe-i-kendon-atdheut-pozon-i-lumtur-krah-daciqit","status":"publish","type":"post","link":"https:\/\/new.findnews5.com\/?p=4056","title":{"rendered":"Pes\u00eb dit\u00eb nga sulmi terrorist, k\u00ebng\u00ebtari shqiptar q\u00eb i k\u00ebndon atdheut pozon i lumtur krah Da\u00e7iqit"},"content":{"rendered":"<div class=\"78954ae5fa42b68c1393fe3da4998882\" data-index=\"1\" style=\"float: none; margin:0px 0 0px 0; text-align:center;\">\n<div data-type=\"_mgwidget\" data-widget-id=\"1576712\">\r\n<\/div>\r\n<script>(function(w,q){w[q]=w[q]||[];w[q].push([\"_mgc.load\"])})(window,\"_mgq\");\r\n<\/script>\r\n\n<\/div>\n<p>K\u00ebng\u00ebtari shqiptar, Hajro Ceka \u00ebsht\u00eb shfaqur fort i lumtur krah Ivica Da\u00e7iqit. Shqiptari nga Mali i Zi ka publikuar nj\u00eb foto me Da\u00e7iqin pas nj\u00eb udh\u00ebtimi q\u00eb kishte n\u00eb Beograd.<\/p>\n<p>Ceka q\u00eb shpeshher\u00eb i k\u00ebndon atdheut n\u00eb k\u00ebng\u00ebt e tij dhe shfaqet me flamurin kuq e zi, k\u00ebsaj radhe ka shfaqur lumturin\u00eb e tij krah personit q\u00eb urren shqiptar\u00ebt kudo q\u00eb shkon.<\/p>\n<p>Kjo foto nga aeroporti \u201cNicola Tesla\u201d vije pa u b\u00ebr\u00eb nj\u00eb jav\u00eb e plot\u00eb kur bashk\u00ebkomb\u00ebsit e Da\u00e7iqit organizuan sulm terrorist n\u00eb Banjsk\u00eb t\u00eb Kosov\u00ebs.<\/p>\n<p><iframe loading=\"lazy\" width=\"560\" height=\"315\" src=\"https:\/\/www.youtube.com\/embed\/cc74H1Rrhbc?si=JL2xhsWVEnti6icc\" title=\"YouTube video player\" frameborder=\"0\" allow=\"accelerometer; autoplay; clipboard-write; encrypted-media; gyroscope; picture-in-picture; web-share\" allowfullscreen><\/iframe><\/p>\n\n<div style=\"font-size: 0px; height: 0px; line-height: 0px; margin: 0; padding: 0; clear: both;\"><\/div>","protected":false},"excerpt":{"rendered":"<p>K\u00ebng\u00ebtari shqiptar, Hajro Ceka \u00ebsht\u00eb shfaqur fort i lumtur krah Ivica Da\u00e7iqit. Shqiptari nga Mali i Zi ka publikuar nj\u00eb foto me Da\u00e7iqin pas nj\u00eb udh\u00ebtimi q\u00eb&#8230; <\/p>\n","protected":false},"author":1,"featured_media":4057,"comment_status":"open","ping_status":"open","sticky":false,"template":"","format":"standard","meta":{"footnotes":""},"categories":[6],"tags":[],"class_list":["post-4056","post","type-post","status-publish","format-standard","has-post-thumbnail","hentry","category-lajme"],"_links":{"self":[{"href":"https:\/\/new.findnews5.com\/index.php?rest_route=\/wp\/v2\/posts\/4056","targetHints":{"allow":["GET"]}}],"collection":[{"href":"https:\/\/new.findnews5.com\/index.php?rest_route=\/wp\/v2\/posts"}],"about":[{"href":"https:\/\/new.findnews5.com\/index.php?rest_route=\/wp\/v2\/types\/post"}],"author":[{"embeddable":true,"href":"https:\/\/new.findnews5.com\/index.php?rest_route=\/wp\/v2\/users\/1"}],"replies":[{"embeddable":true,"href":"https:\/\/new.findnews5.com\/index.php?rest_route=%2Fwp%2Fv2%2Fcomments&post=4056"}],"version-history":[{"count":0,"href":"https:\/\/new.findnews5.com\/index.php?rest_route=\/wp\/v2\/posts\/4056\/revisions"}],"wp:featuredmedia":[{"embeddable":true,"href":"https:\/\/new.findnews5.com\/index.php?rest_route=\/wp\/v2\/media\/4057"}],"wp:attachment":[{"href":"https:\/\/new.findnews5.com\/index.php?rest_route=%2Fwp%2Fv2%2Fmedia&parent=4056"}],"wp:term":[{"taxonomy":"category","embeddable":true,"href":"https:\/\/new.findnews5.com\/index.php?rest_route=%2Fwp%2Fv2%2Fcategories&post=4056"},{"taxonomy":"post_tag","embeddable":true,"href":"https:\/\/new.findnews5.com\/index.php?rest_route=%2Fwp%2Fv2%2Ftags&post=4056"}],"curies":[{"name":"wp","href":"https:\/\/api.w.org\/{rel}","templated":true}]}}