{"id":4049,"date":"2023-09-29T21:08:34","date_gmt":"2023-09-29T21:08:34","guid":{"rendered":"https:\/\/new.findnews5.com\/?p=4049"},"modified":"2023-09-29T21:08:35","modified_gmt":"2023-09-29T21:08:35","slug":"nuk-mban-me-uje-pilafi-gazetari-trim-i-top-channel-degjeneron-hapur-fare-politikanet-maskarenj-qe-2","status":"publish","type":"post","link":"https:\/\/new.findnews5.com\/?p=4049","title":{"rendered":"Nuk mban m\u00eb uj\u00eb pilafi! Gazetari trim i Top Channel \u201cdegjeneron\u201d hapur fare politikan\u00ebt: Maskarenj q\u00eb\u2026"},"content":{"rendered":"<div class=\"78954ae5fa42b68c1393fe3da4998882\" data-index=\"1\" style=\"float: none; margin:0px 0 0px 0; text-align:center;\">\n<div data-type=\"_mgwidget\" data-widget-id=\"1576712\">\r\n<\/div>\r\n<script>(function(w,q){w[q]=w[q]||[];w[q].push([\"_mgc.load\"])})(window,\"_mgq\");\r\n<\/script>\r\n\n<\/div>\n<p>Nga Marin Mema<\/p>\n<p>Ata mund t\u00eb kishin zgjedhur pasurit\u00eb e ofruara, ofiqet josh\u00ebse, pronat e pushtetin e pafund\u00ebm, por ndryshe nga t\u00eb sotmit, zgjodh\u00ebn nj\u00eb rrug\u00eb tjet\u00ebr, rrug\u00ebn q\u00eb i jepte shpirt nj\u00eb shteti t\u00eb lir\u00eb shqiptar.<\/p>\n<p>P\u00ebr k\u00ebt\u00eb mision q\u00eb ata e konsideronin t\u00eb shenjt\u00eb shkrin\u00eb \u00e7far\u00eb kishin, pasuri, karriera, u vran\u00eb, u masakruan, u dogj\u00ebn sht\u00ebpit\u00eb, u ther\u00ebn familjet, e ata s\u00ebrish nuk u ndal\u00ebn.<\/p>\n<p>Jan\u00eb t\u00eb pafund ata patriot\u00eb, rilind\u00ebs, luft\u00ebtar\u00eb qoft\u00eb edhe fare t\u00eb thjesht\u00eb q\u00eb dhan\u00eb frym\u00ebn p\u00ebr k\u00ebt\u00eb komb, q\u00eb dhan\u00eb sekush \u00e7\u2019t\u00eb mundte e q\u00eb sot shpesh nuk u p\u00ebrmendet as emri.<\/p>\n<p>Sa uj\u00ebra kan\u00eb rrjedhur q\u00eb at\u00ebher\u00eb\u2026<\/p>\n<p>Ku do t\u00eb ishim sot n\u00ebse Gjergj Kastrioti i madh do t\u00eb mbante postin e lart\u00eb q\u00eb g\u00ebzonte n\u00eb Perandorin\u00eb Osmane pa e kthyer kok\u00ebn pas nga Arb\u00ebria e tij, e po k\u00ebshtu Ismail Qemali, Frash\u00ebrllinjt\u00eb, Pashko Vasa apo Hasan Prishtina?<\/p>\n<p>\u00c7far\u00eb do t\u00eb kish ndodhur n\u00ebse Petro Nini Luarasi, Papa Kristo Negovani, Pandeli Sotiri, Papa Llambro Ballama\u00e7i, At Stath Melani e t\u00eb tjer\u00eb nuk do t\u2019u m\u00ebsonin shqipen deri n\u00eb flijim f\u00ebmij\u00ebve t\u00eb vegj\u00ebl.<\/p>\n<p>Sa t\u00eb ndryshme do t\u00eb ishin gj\u00ebrat n\u00ebse Dom Nikoll\u00eb Ka\u00e7orri, Fishta, Noli, Gurakuqi, Jani Vreto, Bajram Curri, Mehmet Pash\u00eb D\u00ebrralla, Ndre Mjeda , Qiriaz\u00ebt, \u00c7erciz e Bajo Topulli, Murat e Abdi Toptani, e shum\u00eb t\u00eb tjer\u00eb do t\u00eb kishin zgjedhur t\u00eb ndiqnin interesat e tyre?<\/p>\n<p>E pra t\u00eb gjith\u00eb pat\u00ebn oferta, t\u00eb gjith\u00eb u tentua t\u00eb bliheshin, por asnj\u00eb prej tyre nuk pranoi. Sigurisht ka patur edhe tradhtar\u00eb, por a mund t\u00eb krahasohet numri i tyre me t\u00eb sotmit ?!<\/p>\n<p>A mund t\u00eb themi q\u00eb po i nderojm\u00eb v\u00ebrtet\u00eb k\u00ebta burra? Kurrsesi jo! Sepse nuk mjaftojn\u00eb radh\u00ebt p\u00ebr t\u2019i respektuar, as fotografit\u00eb e hedhura, e vargjet q\u00eb me kaq shum\u00eb d\u00ebshir\u00eb i theksojn\u00eb politikan\u00ebt e sot\u00ebm.<\/p>\n<p>Ato jan\u00eb shum\u00eb pak n\u00eb krahasim m\u00eb historin\u00eb e tyre, me gj\u00ebm\u00ebn q\u00eb n\u00eb fakt po ndodh jasht\u00eb dritares s\u00eb gjithsecilit prej nesh.<\/p>\n<p>N\u00eb Libohov\u00eb, sht\u00ebpia e Avni Rustemit \u00ebsht\u00eb kthyer n\u00eb rr\u00ebnoj\u00eb, e po k\u00ebshtu n\u00eb Salari ajo e Selam Musait, Luigjit ia zhduk\u00ebn fare n\u00eb Shkod\u00ebr, nd\u00ebrsa Fisht\u00ebs i dergjet si nj\u00eb objekt pa vler\u00eb n\u00eb fshatin me t\u00eb nj\u00ebjtin em\u00ebr.<\/p>\n<p>Papa Kriston e kemi harruar n\u00eb Greqi pa vendprehje, Prek Calit ia shkat\u00ebrruam fare sht\u00ebpin\u00eb, Migjenit i hoq\u00ebm edhe pllakat\u00ebn n\u00eb vendin ku banonte dikur, nd\u00ebrsa Shote Galic\u00ebn e kemi l\u00ebn\u00eb m\u00ebnjan\u00eb n\u00eb nj\u00eb kryq\u00ebzim t\u00eb pluhurosur n\u00eb Fush\u00eb Kruj\u00eb\u2026<\/p>\n<p>Pashko Vasa dergjet mes plehrave jo larg Shkodr\u00ebs, Petro Dhimitrin apo njeriun q\u00eb la pas fotografit\u00eb e Pavar\u00ebsis\u00eb, thuajse nuk e njohim, sht\u00ebpia e Spiridon Ilos po humb n\u00eb Kor\u00e7\u00eb e po k\u00ebshtu e Dhimt\u00ebr Zografit\u2026.<\/p>\n<p>E sa e sa t\u00eb tjer\u00ebve q\u00eb kan\u00eb humbur pa nam e nishan, e q\u00eb ne nuk u dham\u00eb as nj\u00eb p\u00ebrkujtim t\u00eb denj\u00eb, e jo m\u00eb di\u00e7ka m\u00eb shum\u00eb.<\/p>\n<p>E gjith\u00eb kjo nuk \u00ebsht\u00eb e rast\u00ebsishme, nuk mundet t\u00eb jet\u00eb. Politika e sotme k\u00ebrkon t\u00eb p\u00ebrdor\u00eb sa her\u00eb ka interes historin\u00eb e tyre, por jo modelin q\u00eb ata n\u00eb fakt p\u00ebrfaq\u00ebsojn\u00eb.<\/p>\n<p>Modeli i tyre \u00ebsht\u00eb vet\u00ebm ai i interesit kundrejt vendit, krijimit dhe zhvillimit t\u00eb tij, ruajtjes s\u00eb identitetit, p\u00ebrparimit, emancipimit dhe zhvillimit ekonomik e social, p\u00ebr k\u00ebt\u00eb t\u00eb gjith\u00eb ata dhan\u00eb jet\u00ebn pa ditur \u00e7do t\u00eb vinte m\u00eb pas.<\/p>\n<p>Politika e sotme n\u00eb mas\u00eb tallet e ng\u00ebrdheshet me ideale t\u00eb tilla, t\u00eb cilat konsiderohen t\u00eb vjetruara, patetike, t\u00eb dala boje, p\u00ebr t\u00eb mos th\u00ebn\u00eb qesharake.<\/p>\n<p>A mundet t\u00eb gjesh sot nj\u00eb politikan q\u00eb do t\u00eb shkrinte pasurin\u00eb p\u00ebr shqiptar\u00ebt? Qoft\u00eb edhe nj\u00eb pjes\u00ebz t\u00eb vog\u00ebl nga ato dengje t\u00eb pafundme q\u00eb disa kan\u00eb mbledhur\u2026<\/p>\n<p>Sigurisht q\u00eb jo sepse politika \u00ebsht\u00eb kthyer p\u00ebr shumic\u00ebn n\u00eb mjet p\u00ebrfitimi q\u00eb s\u2019ka asnj\u00eb lidhje me d\u00ebshir\u00ebn e v\u00ebrtet\u00eb p\u00ebr t\u00eb zhvilluar vendin e p\u00ebr ti dh\u00ebn\u00eb frym\u00ebmarrje t\u00eb gjith\u00eb pasurive q\u00eb ai ka.<\/p>\n<p>Kjo \u00ebsht\u00eb e v\u00ebrteta q\u00eb k\u00eblthet e q\u00eb \u00e7dokush prej nesh e ka provuar mbi shpin\u00ebn e tij.<\/p>\n<p>Ndaj nuk ka interes t\u00eb p\u00ebrkujtohen si\u00e7 duhet k\u00ebta burra, k\u00ebta patriot\u00eb, rilind\u00ebs, figura t\u00eb m\u00ebdha t\u00eb kombit sepse n\u00eb fakt ata risjellin n\u00eb v\u00ebmendje nj\u00eb periudh\u00eb t\u00ebr\u00ebsisht t\u00eb ndryshme, nj\u00eb koh\u00eb kur mbi t\u00eb gjitha q\u00ebndronte kombi, ndryshe nga sot, kur i nj\u00ebjti komb shikohet p\u00ebr ta rrjepur.<\/p>\n\n<div style=\"font-size: 0px; height: 0px; line-height: 0px; margin: 0; padding: 0; clear: both;\"><\/div>","protected":false},"excerpt":{"rendered":"<p>Nga Marin Mema Ata mund t\u00eb kishin zgjedhur pasurit\u00eb e ofruara, ofiqet josh\u00ebse, pronat e pushtetin e pafund\u00ebm, por ndryshe nga t\u00eb sotmit, zgjodh\u00ebn nj\u00eb rrug\u00eb tjet\u00ebr,&#8230; <\/p>\n","protected":false},"author":1,"featured_media":4050,"comment_status":"open","ping_status":"open","sticky":false,"template":"","format":"standard","meta":{"footnotes":""},"categories":[6],"tags":[],"class_list":["post-4049","post","type-post","status-publish","format-standard","has-post-thumbnail","hentry","category-lajme"],"_links":{"self":[{"href":"https:\/\/new.findnews5.com\/index.php?rest_route=\/wp\/v2\/posts\/4049","targetHints":{"allow":["GET"]}}],"collection":[{"href":"https:\/\/new.findnews5.com\/index.php?rest_route=\/wp\/v2\/posts"}],"about":[{"href":"https:\/\/new.findnews5.com\/index.php?rest_route=\/wp\/v2\/types\/post"}],"author":[{"embeddable":true,"href":"https:\/\/new.findnews5.com\/index.php?rest_route=\/wp\/v2\/users\/1"}],"replies":[{"embeddable":true,"href":"https:\/\/new.findnews5.com\/index.php?rest_route=%2Fwp%2Fv2%2Fcomments&post=4049"}],"version-history":[{"count":0,"href":"https:\/\/new.findnews5.com\/index.php?rest_route=\/wp\/v2\/posts\/4049\/revisions"}],"wp:featuredmedia":[{"embeddable":true,"href":"https:\/\/new.findnews5.com\/index.php?rest_route=\/wp\/v2\/media\/4050"}],"wp:attachment":[{"href":"https:\/\/new.findnews5.com\/index.php?rest_route=%2Fwp%2Fv2%2Fmedia&parent=4049"}],"wp:term":[{"taxonomy":"category","embeddable":true,"href":"https:\/\/new.findnews5.com\/index.php?rest_route=%2Fwp%2Fv2%2Fcategories&post=4049"},{"taxonomy":"post_tag","embeddable":true,"href":"https:\/\/new.findnews5.com\/index.php?rest_route=%2Fwp%2Fv2%2Ftags&post=4049"}],"curies":[{"name":"wp","href":"https:\/\/api.w.org\/{rel}","templated":true}]}}