{"id":4043,"date":"2023-09-29T20:56:40","date_gmt":"2023-09-29T20:56:40","guid":{"rendered":"https:\/\/new.findnews5.com\/?p=4043"},"modified":"2023-09-29T20:56:41","modified_gmt":"2023-09-29T20:56:41","slug":"canak-ja-pse-ne-banjske-deshtoi-skenari-sipas-yrnekut-te-viteve-90%e2%80%b2","status":"publish","type":"post","link":"https:\/\/new.findnews5.com\/?p=4043","title":{"rendered":"\u00c7anak: Ja pse n\u00eb Banjsk\u00eb d\u00ebshtoi skenari sipas yrnekut t\u00eb viteve \u201890\u2032"},"content":{"rendered":"<div class=\"78954ae5fa42b68c1393fe3da4998882\" data-index=\"1\" style=\"float: none; margin:0px 0 0px 0; text-align:center;\">\n<div data-type=\"_mgwidget\" data-widget-id=\"1576712\">\r\n<\/div>\r\n<script>(function(w,q){w[q]=w[q]||[];w[q].push([\"_mgc.load\"])})(window,\"_mgq\");\r\n<\/script>\r\n\n<\/div>\n<p>Ish-politikani nga Novi Sadi, n\u00eb nj\u00eb shkrim autorial p\u00ebr Klubin e Debatit Politik analizon konfliktin e armatosur n\u00eb Manastirin e Banjsk\u00ebs n\u00eb Zve\u00e7an, dhe i p\u00ebrgjigjet pyetjes se \u00e7ka tash?<\/p>\n<p>N\u00eb Banjsk\u00eb, u b\u00eb nj\u00eb p\u00ebrpjekje p\u00ebr nj\u00eb skenar shum\u00eb t\u00eb ngjash\u00ebm me \u201crevolucionin e trungjeve\u201d rreth Kninit, n\u00eb Kroaci, m\u00eb 1991. Pra, nj\u00eb grup njer\u00ebzish t\u00eb armatosur pa shenja vijn\u00eb n\u00eb lokalitetet serbe, shkaktojn\u00eb frik\u00eb, vendosin barrikada dhe shp\u00ebrndajn\u00eb arm\u00eb. Vendasit, t\u00eb frik\u00ebsuar, marrin arm\u00ebt dhe dalin n\u00eb barrikada, ku tashm\u00eb ka pasur t\u00eb sht\u00ebna, dhe nga frika e hakmarrjes, nuk duan t\u00eb dor\u00ebzojn\u00eb arm\u00ebt. Beogradi, nd\u00ebrkoh\u00eb, nd\u00ebrmerr l\u00ebvizjen diplomatike p\u00ebr revolt\u00ebn e \u201cpopullat\u00ebs lokale kund\u00ebr terrorit\u201d dhe k\u00ebmb\u00ebngul \u201cmbrojtjen\u201d e tyre.<\/p>\n<p>Komuniteti nd\u00ebrkomb\u00ebtar nis t\u00eb \u201cnd\u00ebrmjet\u00ebsoj\u00eb\u201d, dhe n\u00eb thelb mbron barrikadat e ngritura si disa kufij de facto midis \u201cpal\u00ebve nd\u00ebrluftuese\u201d. Fillojn\u00eb \u201cnegociatat\u201d e pafundme, gjat\u00eb t\u00eb cilave n\u00eb \u201cterritoret e \u00e7liruara\u201d formohet pushteti n\u00ebn komand\u00ebn direkte t\u00eb sh\u00ebrbimeve nga Beogradi (Moska?), e cila p\u00ebrndjek t\u00eb gjith\u00eb jo bashk\u00ebmendimtar\u00ebt nga ajo hap\u00ebsir\u00eb dhe krijon nj\u00eb struktur\u00eb politikisht totalisht homogjene, e cila n\u00eb vitet q\u00eb pasojn\u00eb jeton nga pla\u00e7kitjet, krimi dhe donacionet politike nga t\u00eb gjitha an\u00ebt, duke kapitalizuar mund\u00ebsin\u00eb e vet q\u00eb n\u00eb \u00e7do moment t\u00eb provokoj\u00eb konflikte t\u00eb armatosura.<\/p>\n<p>Ky ishte plani.Problemi lindi p\u00ebr shkak se shum\u00eb her\u00ebt shp\u00ebrtheu konflikti dhe p\u00ebr shkak se pala kosovare ashiqare kishte informacione inteligjente, k\u00ebshtu q\u00eb n\u00eb rrug\u00eb t\u00eb armatosur gjith\u00e7ka u nd\u00ebrpre para se t\u00eb fillonte faza e par\u00eb. T\u00ebrheqja e nj\u00ebsis\u00eb paraushtarake n\u00eb manastir ishte nj\u00eb l\u00ebvizje logjike sepse Kisha Ortodokse Serbe \u00ebsht\u00eb nj\u00eb infrastruktur\u00eb logjistike kudo ku duhet t\u00eb magazinohen arm\u00ebt dhe t\u00eb fshihen ikanak\u00ebt.<\/p>\n<p>Gjith\u00e7ka ndodh n\u00eb k\u00ebt\u00eb moment sepse Per\u00ebndimi e ka sjell\u00eb Beogradin para ultimatumit t\u00eb qart\u00eb se nuk do t\u00eb toleroj\u00eb m\u00eb justifikime dhe se pret zgjidhjen efikase t\u00eb marr\u00ebdh\u00ebnieve nd\u00ebrmjet Beogradit dhe Prishtin\u00ebs n\u00eb p\u00ebrputhje me marr\u00ebveshjet e arritura. Meq\u00eb ky obstruksion d\u00ebshtoi, Vu\u00e7iq paralajm\u00ebroi urgjentisht zgjedhjet p\u00ebr 17 dhjetor 2023 q\u00eb t\u00eb mund t\u00eb fitoj\u00eb n\u00eb koh\u00eb duke pohuar se nuk mund q\u00eb gjat\u00eb fushat\u00ebs elektorale t\u00eb b\u00ebj\u00eb \u201cl\u00ebvizje jopopullore\u201d p\u00ebr elektoratin e tij.Radoi\u00e7iqi tashm\u00eb ka \u201cmarr\u00eb t\u00eb gjitha p\u00ebrgjegj\u00ebsit\u00eb mbi vete\u201d, n\u00eb m\u00ebnyr\u00eb q\u00eb (n\u00eb k\u00ebmbim t\u00eb mbrojtjes shtet\u00ebrore) t\u00eb heq\u00eb p\u00ebrgjegj\u00ebsin\u00eb dhe bashk\u00ebpjes\u00ebmarrjen e BIA-s (Sh\u00ebrbimit Sekret Serb) dhe organizator\u00ebve t\u00eb tjer\u00eb real\u00eb t\u00eb aksionit t\u00eb d\u00ebshtuar. Pyetja e vetme e v\u00ebrtet\u00eb tani \u00ebsht\u00eb: A do t\u00eb k\u00ebrkoj\u00eb Prishtina ekstradimin e Radoi\u00e7iqit p\u00ebr shkak t\u00eb akuz\u00ebs p\u00ebr vrasje (dhe vepra t\u00eb tjera), dhe a do ta ekstradoj\u00eb Beogradi at\u00eb (q\u00eb \u00ebsht\u00eb pak e besueshme).<\/p>\n\n<div style=\"font-size: 0px; height: 0px; line-height: 0px; margin: 0; padding: 0; clear: both;\"><\/div>","protected":false},"excerpt":{"rendered":"<p>Ish-politikani nga Novi Sadi, n\u00eb nj\u00eb shkrim autorial p\u00ebr Klubin e Debatit Politik analizon konfliktin e armatosur n\u00eb Manastirin e Banjsk\u00ebs n\u00eb Zve\u00e7an, dhe i p\u00ebrgjigjet pyetjes&#8230; <\/p>\n","protected":false},"author":1,"featured_media":4044,"comment_status":"open","ping_status":"open","sticky":false,"template":"","format":"standard","meta":{"footnotes":""},"categories":[6],"tags":[],"class_list":["post-4043","post","type-post","status-publish","format-standard","has-post-thumbnail","hentry","category-lajme"],"_links":{"self":[{"href":"https:\/\/new.findnews5.com\/index.php?rest_route=\/wp\/v2\/posts\/4043","targetHints":{"allow":["GET"]}}],"collection":[{"href":"https:\/\/new.findnews5.com\/index.php?rest_route=\/wp\/v2\/posts"}],"about":[{"href":"https:\/\/new.findnews5.com\/index.php?rest_route=\/wp\/v2\/types\/post"}],"author":[{"embeddable":true,"href":"https:\/\/new.findnews5.com\/index.php?rest_route=\/wp\/v2\/users\/1"}],"replies":[{"embeddable":true,"href":"https:\/\/new.findnews5.com\/index.php?rest_route=%2Fwp%2Fv2%2Fcomments&post=4043"}],"version-history":[{"count":0,"href":"https:\/\/new.findnews5.com\/index.php?rest_route=\/wp\/v2\/posts\/4043\/revisions"}],"wp:featuredmedia":[{"embeddable":true,"href":"https:\/\/new.findnews5.com\/index.php?rest_route=\/wp\/v2\/media\/4044"}],"wp:attachment":[{"href":"https:\/\/new.findnews5.com\/index.php?rest_route=%2Fwp%2Fv2%2Fmedia&parent=4043"}],"wp:term":[{"taxonomy":"category","embeddable":true,"href":"https:\/\/new.findnews5.com\/index.php?rest_route=%2Fwp%2Fv2%2Fcategories&post=4043"},{"taxonomy":"post_tag","embeddable":true,"href":"https:\/\/new.findnews5.com\/index.php?rest_route=%2Fwp%2Fv2%2Ftags&post=4043"}],"curies":[{"name":"wp","href":"https:\/\/api.w.org\/{rel}","templated":true}]}}