{"id":4040,"date":"2023-09-29T20:50:05","date_gmt":"2023-09-29T20:50:05","guid":{"rendered":"https:\/\/new.findnews5.com\/?p=4040"},"modified":"2023-09-29T20:50:06","modified_gmt":"2023-09-29T20:50:06","slug":"jovanoviq-me-1999-ne-prishtine-beme-kerdi-e-ekzekutuam-aganin-gjysmen-e-familjes-se-cekut-nuk-shkon-me-keshtu","status":"publish","type":"post","link":"https:\/\/new.findnews5.com\/?p=4040","title":{"rendered":"Jovanoviq: M\u00eb 1999 n\u00eb Prishtin\u00eb b\u00ebm\u00eb k\u2019\u00ebrdi! E ek\u2019zekutuam Aganin, gjysm\u00ebn e familjes s\u00eb \u00c7ekut! Nuk shkon m\u00eb k\u00ebshtu"},"content":{"rendered":"<div class=\"78954ae5fa42b68c1393fe3da4998882\" data-index=\"1\" style=\"float: none; margin:0px 0 0px 0; text-align:center;\">\n<div data-type=\"_mgwidget\" data-widget-id=\"1576712\">\r\n<\/div>\r\n<script>(function(w,q){w[q]=w[q]||[];w[q].push([\"_mgc.load\"])})(window,\"_mgq\");\r\n<\/script>\r\n\n<\/div>\n<p>Jovanoviq: M\u00eb 1999 n\u00eb Prishtin\u00eb b\u00ebm\u00eb k\u00ebrdi! E ekzekutuam Aganin, gjysm\u00ebn e familjes s\u00eb \u00c7ekut! Nuk shkon m\u00eb k\u00ebshtu<\/p>\n<p>Dit\u00ebn e par\u00eb t\u00eb vitit 1999 shkuam dhe ekzekutuam n\u00eb Prishtin\u00eb gjith\u00eb \u00e7ka ishte normale.<br \/>\nU hynim an\u00ebtar\u00ebve t\u00eb Komitetit p\u00ebr t\u00eb drejtat e njeriut n\u00eb sht\u00ebpi dhe ua nxirrnim nga banesat et\u00ebrit dhe bijt\u00eb.<br \/>\nE e kzekutuam Fehmi Aganin, ia shuam gjysm\u00ebn e familjes Agim \u00c7ekut\u2026<\/p>\n<p>Nuk mundet kjo k\u00ebshtu p\u00ebrjet\u00eb.<br \/>\nK\u00ebshtu, n\u00eb nj\u00eb intervist\u00eb p\u00ebr revist\u00ebn \u201cNedeljnik\u201d, thot\u00eb lideri i Partis\u00eb Liberale-Demokratike serbe \u00c7eda Jovanoviq, i njohur p\u00ebr deklaratat e tij se, sikur t\u00eb ishte kryeminist\u00ebr i Serbis\u00eb, do ta njihte Kosov\u00ebn.<br \/>\n\u201cDeri n\u00eb shtator t\u00eb vitit t\u00eb ardhsh\u00ebm duhet ta zgjidhim agonin\u00eb kosovare ose amerikan\u00ebt dhe Evropa do ta b\u00ebjn\u00eb k\u00ebt\u00eb pa ne\u201d, thot\u00eb politikani kontravers serb n\u00eb intervist\u00ebn e gjat\u00eb, pjes\u00eb t\u00eb s\u00eb cil\u00ebs Gazeta Express transmeton n\u00eb vazhdim.<\/p>\n<p>\u201cP\u00ebr mua \u00ebsht\u00eb marr\u00ebzi e pafund ajo q\u00eb e b\u00ebjn\u00eb Jankoviqi, Tadiqi, pothuajse t\u00eb gjith\u00eb, ai ortek i marr\u00ebzive me t\u00eb cilin refuzohet thirrja e Vu\u00e7iqit p\u00ebr bisedime rreth Kosov\u00ebs\u201c.<br \/>\n\u201cKosova na ofron mund\u00ebsin\u00eb q\u00eb n\u00eb koh\u00eb t\u00eb ndalur t\u2019i shp\u00ebtojm\u00eb fatit t\u00eb popullit q\u00eb po zhduket\u201c.<br \/>\n\u201cP\u00ebr k\u00ebt\u00eb n\u00eb mas\u00ebn m\u00eb t\u00eb madhe vet\u00eb e kemi f ajin.<\/p>\n<p>Si dhe at\u00ebher\u00eb kur e vram\u00eb Gjingjiqin dhe u kthyem p\u00ebr t\u00eb jetuar si kat\u00ebrk\u00ebmb\u00ebsh.<br \/>\n\u00c7\u2019kemi ne sot t\u00eb flasim p\u00ebr Kosov\u00ebn kur s\u2019kishim \u00e7\u2019t\u00eb flasim as para 10 viteve?<br \/>\n\u201cEdhe guri i turshis\u00eb me lakra e di se kam t\u00eb drejt\u00eb p\u00ebr Kosov\u00ebn!\u201d.<\/p>\n\n<div style=\"font-size: 0px; height: 0px; line-height: 0px; margin: 0; padding: 0; clear: both;\"><\/div>","protected":false},"excerpt":{"rendered":"<p>Jovanoviq: M\u00eb 1999 n\u00eb Prishtin\u00eb b\u00ebm\u00eb k\u00ebrdi! E ekzekutuam Aganin, gjysm\u00ebn e familjes s\u00eb \u00c7ekut! Nuk shkon m\u00eb k\u00ebshtu Dit\u00ebn e par\u00eb t\u00eb vitit 1999 shkuam dhe&#8230; <\/p>\n","protected":false},"author":1,"featured_media":4041,"comment_status":"open","ping_status":"open","sticky":false,"template":"","format":"standard","meta":{"footnotes":""},"categories":[6],"tags":[],"class_list":["post-4040","post","type-post","status-publish","format-standard","has-post-thumbnail","hentry","category-lajme"],"_links":{"self":[{"href":"https:\/\/new.findnews5.com\/index.php?rest_route=\/wp\/v2\/posts\/4040","targetHints":{"allow":["GET"]}}],"collection":[{"href":"https:\/\/new.findnews5.com\/index.php?rest_route=\/wp\/v2\/posts"}],"about":[{"href":"https:\/\/new.findnews5.com\/index.php?rest_route=\/wp\/v2\/types\/post"}],"author":[{"embeddable":true,"href":"https:\/\/new.findnews5.com\/index.php?rest_route=\/wp\/v2\/users\/1"}],"replies":[{"embeddable":true,"href":"https:\/\/new.findnews5.com\/index.php?rest_route=%2Fwp%2Fv2%2Fcomments&post=4040"}],"version-history":[{"count":0,"href":"https:\/\/new.findnews5.com\/index.php?rest_route=\/wp\/v2\/posts\/4040\/revisions"}],"wp:featuredmedia":[{"embeddable":true,"href":"https:\/\/new.findnews5.com\/index.php?rest_route=\/wp\/v2\/media\/4041"}],"wp:attachment":[{"href":"https:\/\/new.findnews5.com\/index.php?rest_route=%2Fwp%2Fv2%2Fmedia&parent=4040"}],"wp:term":[{"taxonomy":"category","embeddable":true,"href":"https:\/\/new.findnews5.com\/index.php?rest_route=%2Fwp%2Fv2%2Fcategories&post=4040"},{"taxonomy":"post_tag","embeddable":true,"href":"https:\/\/new.findnews5.com\/index.php?rest_route=%2Fwp%2Fv2%2Ftags&post=4040"}],"curies":[{"name":"wp","href":"https:\/\/api.w.org\/{rel}","templated":true}]}}