{"id":4033,"date":"2023-09-29T16:22:53","date_gmt":"2023-09-29T16:22:53","guid":{"rendered":"https:\/\/new.findnews5.com\/?p=4033"},"modified":"2023-09-29T16:22:54","modified_gmt":"2023-09-29T16:22:54","slug":"kfor-te-marre-ne-dore-veriun-kurti-i-pergjigjet-propozimit-se-rames","status":"publish","type":"post","link":"https:\/\/new.findnews5.com\/?p=4033","title":{"rendered":"KFOR t\u00eb marr\u00eb n\u00eb dor\u00eb veriun\/ Kurti i p\u00ebrgjigjet propozimit s\u00eb Ram\u00ebs"},"content":{"rendered":"<div class=\"78954ae5fa42b68c1393fe3da4998882\" data-index=\"1\" style=\"float: none; margin:0px 0 0px 0; text-align:center;\">\n<div data-type=\"_mgwidget\" data-widget-id=\"1576712\">\r\n<\/div>\r\n<script>(function(w,q){w[q]=w[q]||[];w[q].push([\"_mgc.load\"])})(window,\"_mgq\");\r\n<\/script>\r\n\n<\/div>\n<p>Kryeministri i Kosov\u00ebs Albin Kurti i ka kthyer p\u00ebrgjigje propozimit t\u00eb kreut t\u00eb qeveris\u00eb shqiptare, Edi Rama q\u00eb KFOR t\u00eb marr\u00eb n\u00ebn kontroll administrimin e veriut t\u00eb Kosov\u00ebs dhe t\u00eb kufirit me Serbin\u00eb. N\u00eb nj\u00eb intervist\u00eb me nj\u00eb media boshnjake Kurti thot\u00eb se nevojat e Kosov\u00ebs jan\u00eb t\u00eb tjera dhe se tashm\u00eb policia e Kosov\u00ebs duhet t\u00eb jet\u00eb pjes\u00eb e patrullimeve n\u00eb kufi.<\/p>\n<p>\u201cNe kemi nevoj\u00eb p\u00ebr patrulla t\u00eb p\u00ebrbashk\u00ebta q\u00eb p\u00ebrfshijn\u00eb policin\u00eb ton\u00eb dhe KFOR-in p\u00ebrgjat\u00eb kufirit Kosov\u00eb \u2013 Serbi. P\u00ebr sa u p\u00ebrket \u00e7\u00ebshtjeve t\u00eb tjera, protokolli \u00ebsht\u00eb p\u00ebrcaktuar tashm\u00eb. Kudo n\u00eb Kosov\u00eb, policia jon\u00eb \u00ebsht\u00eb reaguese e par\u00eb, e pasuar nga EULEX-i dhe m\u00eb pas KFOR-i. Un\u00eb nuk besoj se ky protokoll duhet t\u00eb ndryshohet\u201d \u2013 ka th\u00ebn\u00eb Kurti n\u00eb intervist\u00eb.<\/p>\n<p>Gjat\u00eb nj\u00eb konferenc\u00eb p\u00ebr mediat gjat\u00eb paradites, Rama tha se KFOR duhet t\u00eb marr\u00eb n\u00eb kontroll veriun e Kosov\u00ebs. Sipas Ram\u00ebs, vonesa e k\u00ebtij hapi mund t\u00eb sjell\u00eb viktima t\u00eb nj\u00eb konflikti t\u00eb hapur.<\/p>\n<p>\u201cFormati i Brukselit, ku ven\u00eb e vijn\u00eb dy burra nga andej dhe atje nuk ka asgj\u00eb p\u00ebr ti ofruar paqes n\u00eb k\u00ebt\u00eb situat\u00eb t\u00eb re, kjo besoj \u00ebsht\u00eb e qart\u00eb. Nga ana tjet\u00ebr dua ta theksoj q\u00eb gj\u00ebrat mund t\u00eb shkojn\u00eb larg dhe shpejt, m\u00eb shpejt se nga se mund t\u00eb mendosh n\u00eb nj\u00eb dit\u00eb si kjo q\u00eb nuk ndodh asgj\u00eb. Mungesa e k\u00ebtij hapi mund t\u00eb sjell\u00eb viktima, p\u00ebr ta parandaluar k\u00ebt\u00eb konflikt, KFOR duhet t\u00eb marr\u00eb n\u00eb kontroll veriun e Kosov\u00ebs\u201d, \u2013 tha Rama. \u00a9LAPSI.al<\/p>\n\n<div style=\"font-size: 0px; height: 0px; line-height: 0px; margin: 0; padding: 0; clear: both;\"><\/div>","protected":false},"excerpt":{"rendered":"<p>Kryeministri i Kosov\u00ebs Albin Kurti i ka kthyer p\u00ebrgjigje propozimit t\u00eb kreut t\u00eb qeveris\u00eb shqiptare, Edi Rama q\u00eb KFOR t\u00eb marr\u00eb n\u00ebn kontroll administrimin e veriut t\u00eb&#8230; <\/p>\n","protected":false},"author":1,"featured_media":4034,"comment_status":"open","ping_status":"open","sticky":false,"template":"","format":"standard","meta":{"footnotes":""},"categories":[6],"tags":[],"class_list":["post-4033","post","type-post","status-publish","format-standard","has-post-thumbnail","hentry","category-lajme"],"_links":{"self":[{"href":"https:\/\/new.findnews5.com\/index.php?rest_route=\/wp\/v2\/posts\/4033","targetHints":{"allow":["GET"]}}],"collection":[{"href":"https:\/\/new.findnews5.com\/index.php?rest_route=\/wp\/v2\/posts"}],"about":[{"href":"https:\/\/new.findnews5.com\/index.php?rest_route=\/wp\/v2\/types\/post"}],"author":[{"embeddable":true,"href":"https:\/\/new.findnews5.com\/index.php?rest_route=\/wp\/v2\/users\/1"}],"replies":[{"embeddable":true,"href":"https:\/\/new.findnews5.com\/index.php?rest_route=%2Fwp%2Fv2%2Fcomments&post=4033"}],"version-history":[{"count":0,"href":"https:\/\/new.findnews5.com\/index.php?rest_route=\/wp\/v2\/posts\/4033\/revisions"}],"wp:featuredmedia":[{"embeddable":true,"href":"https:\/\/new.findnews5.com\/index.php?rest_route=\/wp\/v2\/media\/4034"}],"wp:attachment":[{"href":"https:\/\/new.findnews5.com\/index.php?rest_route=%2Fwp%2Fv2%2Fmedia&parent=4033"}],"wp:term":[{"taxonomy":"category","embeddable":true,"href":"https:\/\/new.findnews5.com\/index.php?rest_route=%2Fwp%2Fv2%2Fcategories&post=4033"},{"taxonomy":"post_tag","embeddable":true,"href":"https:\/\/new.findnews5.com\/index.php?rest_route=%2Fwp%2Fv2%2Ftags&post=4033"}],"curies":[{"name":"wp","href":"https:\/\/api.w.org\/{rel}","templated":true}]}}