{"id":4022,"date":"2023-09-29T15:33:59","date_gmt":"2023-09-29T15:33:59","guid":{"rendered":"https:\/\/new.findnews5.com\/?p=4022"},"modified":"2023-09-29T15:34:00","modified_gmt":"2023-09-29T15:34:00","slug":"deputeti-serb-denoj-vrasjen-e-policit-te-kosoves","status":"publish","type":"post","link":"https:\/\/new.findnews5.com\/?p=4022","title":{"rendered":"Deputeti serb: D\u00ebnoj vrasjen e policit t\u00eb Kosov\u00ebs"},"content":{"rendered":"<div class=\"78954ae5fa42b68c1393fe3da4998882\" data-index=\"1\" style=\"float: none; margin:0px 0 0px 0; text-align:center;\">\n<div data-type=\"_mgwidget\" data-widget-id=\"1576712\">\r\n<\/div>\r\n<script>(function(w,q){w[q]=w[q]||[];w[q].push([\"_mgc.load\"])})(window,\"_mgq\");\r\n<\/script>\r\n\n<\/div>\n<p>Deputeti serb Gjorgje Miketiq, e ka d\u00ebnuar vrasjen e policit t\u00eb Kosov\u00ebs Afrim Bunjaku.<\/p>\n<p>Ai tha se \u00ebsht\u00eb e nevojshme t\u00eb b\u00ebhet nj\u00eb hetim i plot\u00eb p\u00ebr at\u00eb \u00e7far\u00eb ndodhi n\u00eb Banjsk\u00eb.<\/p>\n<p>\u201c\u00c7do gj\u00eb q\u00eb ka ndodhur t\u00eb dielen ishte e tmerrshme. Un\u00eb e d\u00ebnoj\u00eb fuqish\u00ebm vrasjen e nj\u00eb polici. Po ashtu edhe p\u00ebrdorimin e tmerrsh\u00ebm t\u00eb dhun\u00ebs n\u00ebse ka ndodhur duhet d\u00ebnuar\u201d,tha Miketiq p\u00ebr Euronews Albania p\u00ebrcjell Klankosova.tv<\/p>\n<p>\u201cNe nuk e dim\u00eb sa njer\u00ebz jan\u00eb vrar\u00eb dhe ne duhet t\u00eb caktojm\u00eb sa serb\u00eb jan\u00eb plagosur apo dor\u00ebzuar, kemi nevoj\u00eb p\u00ebr nj\u00eb hetim p\u00ebr k\u00ebt\u00eb \u00e7\u00ebshtje\u201d, theksoi ai.<\/p>\n<p>Deputeti i partis\u00eb \u201cZajedno\u201d apo (S\u00eb Bashku) tha se e kishte pyetur presidentin e Serbis\u00eb Aleksandar Vu\u00e7iq, lidhur me informacionin se n\u00ebnkryetari i list\u00ebs serbe Milan Radoji\u00e7iq, ishte n\u00eb mesin e sulmuesve t\u00eb policis\u00eb s\u00eb Kosov\u00ebs, gj\u00eb q\u00eb si\u00e7 tha serb\u00ebt kan\u00eb nevoj\u00eb ta din\u00eb.<\/p>\n\n<div style=\"font-size: 0px; height: 0px; line-height: 0px; margin: 0; padding: 0; clear: both;\"><\/div>","protected":false},"excerpt":{"rendered":"<p>Deputeti serb Gjorgje Miketiq, e ka d\u00ebnuar vrasjen e policit t\u00eb Kosov\u00ebs Afrim Bunjaku. Ai tha se \u00ebsht\u00eb e nevojshme t\u00eb b\u00ebhet nj\u00eb hetim i plot\u00eb p\u00ebr&#8230; <\/p>\n","protected":false},"author":1,"featured_media":4023,"comment_status":"open","ping_status":"open","sticky":false,"template":"","format":"standard","meta":{"footnotes":""},"categories":[6],"tags":[],"class_list":["post-4022","post","type-post","status-publish","format-standard","has-post-thumbnail","hentry","category-lajme"],"_links":{"self":[{"href":"https:\/\/new.findnews5.com\/index.php?rest_route=\/wp\/v2\/posts\/4022","targetHints":{"allow":["GET"]}}],"collection":[{"href":"https:\/\/new.findnews5.com\/index.php?rest_route=\/wp\/v2\/posts"}],"about":[{"href":"https:\/\/new.findnews5.com\/index.php?rest_route=\/wp\/v2\/types\/post"}],"author":[{"embeddable":true,"href":"https:\/\/new.findnews5.com\/index.php?rest_route=\/wp\/v2\/users\/1"}],"replies":[{"embeddable":true,"href":"https:\/\/new.findnews5.com\/index.php?rest_route=%2Fwp%2Fv2%2Fcomments&post=4022"}],"version-history":[{"count":0,"href":"https:\/\/new.findnews5.com\/index.php?rest_route=\/wp\/v2\/posts\/4022\/revisions"}],"wp:featuredmedia":[{"embeddable":true,"href":"https:\/\/new.findnews5.com\/index.php?rest_route=\/wp\/v2\/media\/4023"}],"wp:attachment":[{"href":"https:\/\/new.findnews5.com\/index.php?rest_route=%2Fwp%2Fv2%2Fmedia&parent=4022"}],"wp:term":[{"taxonomy":"category","embeddable":true,"href":"https:\/\/new.findnews5.com\/index.php?rest_route=%2Fwp%2Fv2%2Fcategories&post=4022"},{"taxonomy":"post_tag","embeddable":true,"href":"https:\/\/new.findnews5.com\/index.php?rest_route=%2Fwp%2Fv2%2Ftags&post=4022"}],"curies":[{"name":"wp","href":"https:\/\/api.w.org\/{rel}","templated":true}]}}