{"id":4003,"date":"2023-09-28T12:22:58","date_gmt":"2023-09-28T12:22:58","guid":{"rendered":"https:\/\/new.findnews5.com\/?p=4003"},"modified":"2023-09-28T12:22:59","modified_gmt":"2023-09-28T12:22:59","slug":"nervozohet-marin-mema-kunder-dardan-molliqaj-cfare-ti-benin-terroristeve-ti-hapnin-deren-cfare-na-flet-per-vietnamin","status":"publish","type":"post","link":"https:\/\/new.findnews5.com\/?p=4003","title":{"rendered":"Nervozohet Marin Mema kund\u00ebr Dardan Molliqaj: \u00c7far\u00eb t\u2019i b\u00ebnin terrorist\u00ebve t\u2019i hapnin der\u00ebn, \u00e7far\u00eb na flet p\u00ebr Vietnamin"},"content":{"rendered":"<div class=\"78954ae5fa42b68c1393fe3da4998882\" data-index=\"1\" style=\"float: none; margin:0px 0 0px 0; text-align:center;\">\n<div data-type=\"_mgwidget\" data-widget-id=\"1576712\">\r\n<\/div>\r\n<script>(function(w,q){w[q]=w[q]||[];w[q].push([\"_mgc.load\"])})(window,\"_mgq\");\r\n<\/script>\r\n\n<\/div>\n<p>Nervozohet Marin Mema: \u00c7far\u00eb t\u2019i b\u00ebnin terrorist\u00ebve t\u2019i hapnin der\u00ebn, \u00e7far\u00eb na flet p\u00ebr Vietnamin?<\/p>\n<p>Qarrtet Marin Mema kund\u00ebr Dardan Molliqaj: \u00c7far\u00eb t\u2019i b\u00ebnin terrorist\u00ebve t\u2019i hapnin der\u00ebn, \u00e7far\u00eb na flet p\u00ebr Vietnamin<\/p>\n<p>Video m\u00eb posht\u00eb:<\/p>\n<p><iframe loading=\"lazy\" src=\"https:\/\/www.facebook.com\/plugins\/video.php?height=314&#038;href=https%3A%2F%2Fwww.facebook.com%2Ftopchannelpopnews%2Fvideos%2F1240098009994930%2F&#038;show_text=false&#038;width=560&#038;t=0\" width=\"560\" height=\"314\" style=\"border:none;overflow:hidden\" scrolling=\"no\" frameborder=\"0\" allowfullscreen=\"true\" allow=\"autoplay; clipboard-write; encrypted-media; picture-in-picture; web-share\" allowFullScreen=\"true\"><\/iframe><\/p>\n\n<div style=\"font-size: 0px; height: 0px; line-height: 0px; margin: 0; padding: 0; clear: both;\"><\/div>","protected":false},"excerpt":{"rendered":"<p>Nervozohet Marin Mema: \u00c7far\u00eb t\u2019i b\u00ebnin terrorist\u00ebve t\u2019i hapnin der\u00ebn, \u00e7far\u00eb na flet p\u00ebr Vietnamin? Qarrtet Marin Mema kund\u00ebr Dardan Molliqaj: \u00c7far\u00eb t\u2019i b\u00ebnin terrorist\u00ebve t\u2019i hapnin&#8230; <\/p>\n","protected":false},"author":1,"featured_media":4004,"comment_status":"open","ping_status":"open","sticky":false,"template":"","format":"standard","meta":{"footnotes":""},"categories":[6],"tags":[],"class_list":["post-4003","post","type-post","status-publish","format-standard","has-post-thumbnail","hentry","category-lajme"],"_links":{"self":[{"href":"https:\/\/new.findnews5.com\/index.php?rest_route=\/wp\/v2\/posts\/4003","targetHints":{"allow":["GET"]}}],"collection":[{"href":"https:\/\/new.findnews5.com\/index.php?rest_route=\/wp\/v2\/posts"}],"about":[{"href":"https:\/\/new.findnews5.com\/index.php?rest_route=\/wp\/v2\/types\/post"}],"author":[{"embeddable":true,"href":"https:\/\/new.findnews5.com\/index.php?rest_route=\/wp\/v2\/users\/1"}],"replies":[{"embeddable":true,"href":"https:\/\/new.findnews5.com\/index.php?rest_route=%2Fwp%2Fv2%2Fcomments&post=4003"}],"version-history":[{"count":0,"href":"https:\/\/new.findnews5.com\/index.php?rest_route=\/wp\/v2\/posts\/4003\/revisions"}],"wp:featuredmedia":[{"embeddable":true,"href":"https:\/\/new.findnews5.com\/index.php?rest_route=\/wp\/v2\/media\/4004"}],"wp:attachment":[{"href":"https:\/\/new.findnews5.com\/index.php?rest_route=%2Fwp%2Fv2%2Fmedia&parent=4003"}],"wp:term":[{"taxonomy":"category","embeddable":true,"href":"https:\/\/new.findnews5.com\/index.php?rest_route=%2Fwp%2Fv2%2Fcategories&post=4003"},{"taxonomy":"post_tag","embeddable":true,"href":"https:\/\/new.findnews5.com\/index.php?rest_route=%2Fwp%2Fv2%2Ftags&post=4003"}],"curies":[{"name":"wp","href":"https:\/\/api.w.org\/{rel}","templated":true}]}}