{"id":3996,"date":"2023-09-28T12:10:51","date_gmt":"2023-09-28T12:10:51","guid":{"rendered":"https:\/\/new.findnews5.com\/?p=3996"},"modified":"2023-09-28T12:11:52","modified_gmt":"2023-09-28T12:11:52","slug":"qendrim-i-ri-ndaj-kurtit-ramai-mirekuptoj-edhe-kur-me-thone-vllau-i-vuciqitqendrim-i-ri-ndaj-kurtit-rama","status":"publish","type":"post","link":"https:\/\/new.findnews5.com\/?p=3996","title":{"rendered":"Q\u00ebndrim i ri ndaj Kurtit? Rama:I mir\u00ebkuptoj edhe kur m\u00eb thon\u00eb \u2018vllau i Vu\u00e7iqit\u2019"},"content":{"rendered":"<div class=\"78954ae5fa42b68c1393fe3da4998882\" data-index=\"1\" style=\"float: none; margin:0px 0 0px 0; text-align:center;\">\n<div data-type=\"_mgwidget\" data-widget-id=\"1576712\">\r\n<\/div>\r\n<script>(function(w,q){w[q]=w[q]||[];w[q].push([\"_mgc.load\"])})(window,\"_mgq\");\r\n<\/script>\r\n\n<\/div>\n<p>Ndon\u00ebse nuk u linj\u00ebzua me deklarat\u00ebn e BE p\u00ebr Kosov\u00ebn, kryeministri Edi Rama thot\u00eb se nuk ka ndryshuar asnj\u00eb n\u00eb q\u00ebndrimin e tij ndaj q\u00ebndrimit t\u00eb tij ndaj kryeministrit t\u00eb Kosov\u00ebs. N\u00eb nj\u00eb konferenc\u00eb p\u00ebr mediat, Rama tha se edhe nj\u00eb mij\u00eb her\u00eb t\u00eb kthehej pas, do b\u00ebnte s\u00ebrish t\u00eb nj\u00ebjtat gj\u00ebra.<\/p>\n<p>\u201cUn\u00eb nuk kam ndryshuar n\u00eb asgj\u00eb. 1000 her\u00eb t\u00eb kthehem pas do b\u00ebja t\u00eb nj\u00ebjtat gj\u00ebra. Dhe sot nuk po b\u00ebj asgj\u00eb tjet\u00ebr vecse po b\u00ebj nj\u00eb bilanc t\u00eb gj\u00ebrave q\u00eb kam b\u00ebr\u00eb m\u00eb par\u00eb. Them at\u00eb q\u00eb mendoj dhe mendoj at\u00eb q\u00eb m\u00eb fryn n\u00eb vesh dy forca q\u00eb m\u00eb kan\u00eb kapur mua, nj\u00ebra \u00ebsht\u00eb shqiponja dy krenare dhe tjetra flamuri i BE.<\/p>\n<p>Dhe \u00ebndrra ime \u00ebsht\u00eb q\u00eb shqiponja t\u00eb fluturoj\u00eb sa m\u00eb lart\u00eb dhe t\u00eb hyj\u00eb n\u00eb BE. Mund t\u00eb kem t\u00eb drejt\u00eb por k\u00ebto jan\u00eb forcat q\u00eb m\u00eb kan\u00eb kapur mua dhe me k\u00ebto forca punoj n\u00eb mendimet e mia, t\u00eb tjerat jan\u00eb histori telenovelash. Nuk ka as klim\u00eb t\u00eb re as t\u00eb vjet\u00ebr, nuk ka lidhje me persona por me q\u00ebndrimet strategjike dhe veprimet p\u00ebr t\u00eb cuar para nj\u00eb strategji t\u00eb caktuar.<\/p>\n<p>T\u00eb m\u00eb thuash \u2018vllau i Vu\u00e7iqit\u2019 \u00ebsht\u00eb q\u00ebndrim emocional. Ata q\u00eb ma thon\u00eb i kan\u00eb t\u00eb fresk\u00ebta kujtimet nga barbaria n\u00eb Beograd. Jam k\u00ebtu p\u00ebr ballafaqime strategjike, jo emocionale.\u201d \u2013 u shpreh Rama.\/abcnews.al<\/p>\n\n<div style=\"font-size: 0px; height: 0px; line-height: 0px; margin: 0; padding: 0; clear: both;\"><\/div>","protected":false},"excerpt":{"rendered":"<p>Ndon\u00ebse nuk u linj\u00ebzua me deklarat\u00ebn e BE p\u00ebr Kosov\u00ebn, kryeministri Edi Rama thot\u00eb se nuk ka ndryshuar asnj\u00eb n\u00eb q\u00ebndrimin e tij ndaj q\u00ebndrimit t\u00eb tij&#8230; <\/p>\n","protected":false},"author":1,"featured_media":3997,"comment_status":"open","ping_status":"open","sticky":false,"template":"","format":"standard","meta":{"footnotes":""},"categories":[6],"tags":[],"class_list":["post-3996","post","type-post","status-publish","format-standard","has-post-thumbnail","hentry","category-lajme"],"_links":{"self":[{"href":"https:\/\/new.findnews5.com\/index.php?rest_route=\/wp\/v2\/posts\/3996","targetHints":{"allow":["GET"]}}],"collection":[{"href":"https:\/\/new.findnews5.com\/index.php?rest_route=\/wp\/v2\/posts"}],"about":[{"href":"https:\/\/new.findnews5.com\/index.php?rest_route=\/wp\/v2\/types\/post"}],"author":[{"embeddable":true,"href":"https:\/\/new.findnews5.com\/index.php?rest_route=\/wp\/v2\/users\/1"}],"replies":[{"embeddable":true,"href":"https:\/\/new.findnews5.com\/index.php?rest_route=%2Fwp%2Fv2%2Fcomments&post=3996"}],"version-history":[{"count":0,"href":"https:\/\/new.findnews5.com\/index.php?rest_route=\/wp\/v2\/posts\/3996\/revisions"}],"wp:featuredmedia":[{"embeddable":true,"href":"https:\/\/new.findnews5.com\/index.php?rest_route=\/wp\/v2\/media\/3997"}],"wp:attachment":[{"href":"https:\/\/new.findnews5.com\/index.php?rest_route=%2Fwp%2Fv2%2Fmedia&parent=3996"}],"wp:term":[{"taxonomy":"category","embeddable":true,"href":"https:\/\/new.findnews5.com\/index.php?rest_route=%2Fwp%2Fv2%2Fcategories&post=3996"},{"taxonomy":"post_tag","embeddable":true,"href":"https:\/\/new.findnews5.com\/index.php?rest_route=%2Fwp%2Fv2%2Ftags&post=3996"}],"curies":[{"name":"wp","href":"https:\/\/api.w.org\/{rel}","templated":true}]}}