{"id":3977,"date":"2023-09-27T23:12:11","date_gmt":"2023-09-27T23:12:11","guid":{"rendered":"https:\/\/new.findnews5.com\/?p=3977"},"modified":"2023-09-27T23:12:12","modified_gmt":"2023-09-27T23:12:12","slug":"vucic-po-kerkon-hakmarrjen-me-kosoven-biznesmeni-40-mije-shqiptare-ne-rrezik","status":"publish","type":"post","link":"https:\/\/new.findnews5.com\/?p=3977","title":{"rendered":"Vu\u00e7i\u00e7 po k\u00ebrkon HAKMARRJEN me Kosov\u00ebn? Biznesmeni: 40 mij\u00eb Shqiptar\u00eb n\u00eb rrezik\u2026"},"content":{"rendered":"<div class=\"78954ae5fa42b68c1393fe3da4998882\" data-index=\"1\" style=\"float: none; margin:0px 0 0px 0; text-align:center;\">\n<div data-type=\"_mgwidget\" data-widget-id=\"1576712\">\r\n<\/div>\r\n<script>(function(w,q){w[q]=w[q]||[];w[q].push([\"_mgc.load\"])})(window,\"_mgq\");\r\n<\/script>\r\n\n<\/div>\n<p>Biznesmeni Nexhat Behluli komentoi zhvillimet e fundit n\u00eb veri t\u00eb Kosov\u00ebs, madje ai i frik\u00ebsohet nj\u00eb hakmarrje t\u00eb mundshme t\u00eb Vu\u00e7i\u00e7 ndaj popullsis\u00eb shqiptare q\u00eb jeton n\u00eb Serbi.<\/p>\n<p>\u201cEkziston rreziku p\u00ebr ne shqiptar\u00ebt q\u00eb jetojm\u00eb n\u00eb Serbi. Me regjistrimin e fundit q\u00eb u b\u00eb vitin e kaluar, jemi diku 110 mij\u00eb shqiptar\u00eb, por rezident\u00eb jemi rreth 40 mij\u00eb q\u00eb jemi n\u00eb rrezik se ka shqiptar\u00eb q\u00eb zhvillojn\u00eb veprimtari t\u00eb ndryshme brenda territorit t\u00eb Serbis\u00eb, n\u00eb pun\u00eb t\u00eb ndryshme, dhe ekziston rreziku q\u00eb t\u00eb hasin n\u00eb problemet e hakmarrjes. 2 dit\u00ebt e fundit kemi shtim t\u00eb forcave serbe q\u00eb patrullojn\u00eb n\u00eb kufi me Kosov\u00ebn, ku her\u00eb pas here ushtria dhe xhandarm\u00ebria sistemojn\u00eb pajisjet teknike, automjete. \u00cbsht\u00eb luft\u00eb psikologjike me k\u00ebto l\u00ebvizje p\u00ebr t\u00eb trembur popullat\u00ebn\u201d tha Behluli n\u00eb emisionin \u2018Breaking\u2019.<\/p>\n<p>Nd\u00ebrkoh\u00eb kryeministri i Shqiperis\u00eb, Edi Rama i b\u00ebn thirrje BE dhe SHBA q\u00eb me forc\u00ebn imponuese t\u00eb ul\u00eb n\u00eb nj\u00eb tryez\u00eb dialogu Kosov\u00ebn dhe Serbin\u00eb. Rama thot\u00eb se kriminelet e k\u00ebtij sulmi duhet t\u00eb dalin para drejt\u00ebsis\u00eb dhe Serbia duhet t\u00eb d\u00ebnoj\u00eb k\u00ebta terrorist\u00eb qe vrane policin e Kosov\u00ebs.<\/p>\n\n<div style=\"font-size: 0px; height: 0px; line-height: 0px; margin: 0; padding: 0; clear: both;\"><\/div>","protected":false},"excerpt":{"rendered":"<p>Biznesmeni Nexhat Behluli komentoi zhvillimet e fundit n\u00eb veri t\u00eb Kosov\u00ebs, madje ai i frik\u00ebsohet nj\u00eb hakmarrje t\u00eb mundshme t\u00eb Vu\u00e7i\u00e7 ndaj popullsis\u00eb shqiptare q\u00eb jeton n\u00eb&#8230; <\/p>\n","protected":false},"author":1,"featured_media":3978,"comment_status":"open","ping_status":"open","sticky":false,"template":"","format":"standard","meta":{"footnotes":""},"categories":[6],"tags":[],"class_list":["post-3977","post","type-post","status-publish","format-standard","has-post-thumbnail","hentry","category-lajme"],"_links":{"self":[{"href":"https:\/\/new.findnews5.com\/index.php?rest_route=\/wp\/v2\/posts\/3977","targetHints":{"allow":["GET"]}}],"collection":[{"href":"https:\/\/new.findnews5.com\/index.php?rest_route=\/wp\/v2\/posts"}],"about":[{"href":"https:\/\/new.findnews5.com\/index.php?rest_route=\/wp\/v2\/types\/post"}],"author":[{"embeddable":true,"href":"https:\/\/new.findnews5.com\/index.php?rest_route=\/wp\/v2\/users\/1"}],"replies":[{"embeddable":true,"href":"https:\/\/new.findnews5.com\/index.php?rest_route=%2Fwp%2Fv2%2Fcomments&post=3977"}],"version-history":[{"count":0,"href":"https:\/\/new.findnews5.com\/index.php?rest_route=\/wp\/v2\/posts\/3977\/revisions"}],"wp:featuredmedia":[{"embeddable":true,"href":"https:\/\/new.findnews5.com\/index.php?rest_route=\/wp\/v2\/media\/3978"}],"wp:attachment":[{"href":"https:\/\/new.findnews5.com\/index.php?rest_route=%2Fwp%2Fv2%2Fmedia&parent=3977"}],"wp:term":[{"taxonomy":"category","embeddable":true,"href":"https:\/\/new.findnews5.com\/index.php?rest_route=%2Fwp%2Fv2%2Fcategories&post=3977"},{"taxonomy":"post_tag","embeddable":true,"href":"https:\/\/new.findnews5.com\/index.php?rest_route=%2Fwp%2Fv2%2Ftags&post=3977"}],"curies":[{"name":"wp","href":"https:\/\/api.w.org\/{rel}","templated":true}]}}