{"id":3974,"date":"2023-09-27T23:07:44","date_gmt":"2023-09-27T23:07:44","guid":{"rendered":"https:\/\/new.findnews5.com\/?p=3974"},"modified":"2023-09-27T23:07:45","modified_gmt":"2023-09-27T23:07:45","slug":"gezohet-cdo-shqiptar-ne-itali-edi-rama-jep-lajmin-e-shumepritur-per-emigrantet","status":"publish","type":"post","link":"https:\/\/new.findnews5.com\/?p=3974","title":{"rendered":"G\u00ebzohet \u00e7do shqiptar n\u00eb Itali! Edi Rama jep lajmin e shum\u00ebpritur p\u00ebr emigrant\u00ebt\u2026"},"content":{"rendered":"<div class=\"78954ae5fa42b68c1393fe3da4998882\" data-index=\"1\" style=\"float: none; margin:0px 0 0px 0; text-align:center;\">\n<div data-type=\"_mgwidget\" data-widget-id=\"1576712\">\r\n<\/div>\r\n<script>(function(w,q){w[q]=w[q]||[];w[q].push([\"_mgc.load\"])})(window,\"_mgq\");\r\n<\/script>\r\n\n<\/div>\n<p>Kryeministri Edi Rama dit\u00ebn e sotme ka g\u00ebzuar \u00e7do emigrant shqiptar pasi ka deklaruar se \u00ebsht\u00eb drejt fundit marr\u00ebveshja p\u00ebr pensionet mes Italis\u00eb dhe Shqip\u00ebris\u00eb.<\/p>\n<p>Rama siguron se njohja e kontributeve p\u00ebr t\u00eb p\u00ebrfituar pensionin p\u00ebr shqiptar\u00ebt q\u00eb jetojn\u00eb n\u00eb Itali \u00ebsht\u00eb nj\u00eb hap q\u00eb qeveria Meloni do ta hedh\u00eb shum\u00eb shpejt. Madje n\u00eb krah t\u00eb zv\/kryeministrit italian, Antoni Tajani, Rama k\u00ebrkon t\u00eb ngrihet nj\u00eb dolli p\u00ebr finalizimin e k\u00ebtij vendimi nga qeveria italiane.<\/p>\n<p>\u201cKa shqiptar\u00eb q\u00eb jan\u00eb n\u00eb Itali prej vitesh kontribuojn\u00eb n\u00eb zhvillimin e ekonomis\u00eb Italin\u00eb dhe kemi kuptuar shum\u00eb mir\u00eb q\u00eb marr\u00ebveshja p\u00ebr pensionet po arrihet pothuajse. Kemi fituar premtimin solemn nga zv.kryeminsitri, q\u00eb kjo pikarritje nuk do t\u00eb jet\u00eb nj\u00eb pik\u00ebnisje tjet\u00ebr, si\u00e7 ndodh shpeshher\u00eb n\u00eb an\u00ebt ton\u00eb. Shqiptar\u00ebt e shumt\u00eb q\u00eb punojn\u00eb kontribuojn\u00eb n\u00eb Itali m\u00eb n\u00eb fund do t\u00eb ngren\u00eb dolli p\u00ebr lavdin\u00eb e Republik\u00ebs italiane dhe ta fal\u00ebnderojn\u00eb k\u00ebt\u00eb qeveri sepse m\u00eb n\u00eb fund do t\u00eb \u00e7oj\u00eb deri n\u00eb fund k\u00ebt\u00eb nism\u00eb shum\u00eb t\u00eb r\u00ebnd\u00ebsishme, jo vet\u00ebm nga pik\u00ebpamja financiare por edhe nga pik\u00ebpamja sociale, e respektit dhe dinjitetit t\u00eb pun\u00ebs s\u00eb njer\u00ebzve\u201d, tha Rama<\/p>\n\n<div style=\"font-size: 0px; height: 0px; line-height: 0px; margin: 0; padding: 0; clear: both;\"><\/div>","protected":false},"excerpt":{"rendered":"<p>Kryeministri Edi Rama dit\u00ebn e sotme ka g\u00ebzuar \u00e7do emigrant shqiptar pasi ka deklaruar se \u00ebsht\u00eb drejt fundit marr\u00ebveshja p\u00ebr pensionet mes Italis\u00eb dhe Shqip\u00ebris\u00eb. Rama siguron&#8230; <\/p>\n","protected":false},"author":1,"featured_media":3975,"comment_status":"open","ping_status":"open","sticky":false,"template":"","format":"standard","meta":{"footnotes":""},"categories":[6],"tags":[],"class_list":["post-3974","post","type-post","status-publish","format-standard","has-post-thumbnail","hentry","category-lajme"],"_links":{"self":[{"href":"https:\/\/new.findnews5.com\/index.php?rest_route=\/wp\/v2\/posts\/3974","targetHints":{"allow":["GET"]}}],"collection":[{"href":"https:\/\/new.findnews5.com\/index.php?rest_route=\/wp\/v2\/posts"}],"about":[{"href":"https:\/\/new.findnews5.com\/index.php?rest_route=\/wp\/v2\/types\/post"}],"author":[{"embeddable":true,"href":"https:\/\/new.findnews5.com\/index.php?rest_route=\/wp\/v2\/users\/1"}],"replies":[{"embeddable":true,"href":"https:\/\/new.findnews5.com\/index.php?rest_route=%2Fwp%2Fv2%2Fcomments&post=3974"}],"version-history":[{"count":0,"href":"https:\/\/new.findnews5.com\/index.php?rest_route=\/wp\/v2\/posts\/3974\/revisions"}],"wp:featuredmedia":[{"embeddable":true,"href":"https:\/\/new.findnews5.com\/index.php?rest_route=\/wp\/v2\/media\/3975"}],"wp:attachment":[{"href":"https:\/\/new.findnews5.com\/index.php?rest_route=%2Fwp%2Fv2%2Fmedia&parent=3974"}],"wp:term":[{"taxonomy":"category","embeddable":true,"href":"https:\/\/new.findnews5.com\/index.php?rest_route=%2Fwp%2Fv2%2Fcategories&post=3974"},{"taxonomy":"post_tag","embeddable":true,"href":"https:\/\/new.findnews5.com\/index.php?rest_route=%2Fwp%2Fv2%2Ftags&post=3974"}],"curies":[{"name":"wp","href":"https:\/\/api.w.org\/{rel}","templated":true}]}}