{"id":3968,"date":"2023-09-27T23:02:32","date_gmt":"2023-09-27T23:02:32","guid":{"rendered":"https:\/\/new.findnews5.com\/?p=3968"},"modified":"2023-09-27T23:02:34","modified_gmt":"2023-09-27T23:02:34","slug":"reagon-gruaja-e-terroristit-te-vrare-pres-qe-dikush-te-me-zgjoj-nga-ky-makth-prisja-te-dilje-fitimtar","status":"publish","type":"post","link":"https:\/\/new.findnews5.com\/?p=3968","title":{"rendered":"Reagon gruaja e terroristit t\u00eb vrar\u00eb : Pres q\u00eb dikush t\u00eb m\u00eb zgjoj nga ky makth, prisja t\u00eb dilje fitimtar"},"content":{"rendered":"<div class=\"78954ae5fa42b68c1393fe3da4998882\" data-index=\"1\" style=\"float: none; margin:0px 0 0px 0; text-align:center;\">\n<div data-type=\"_mgwidget\" data-widget-id=\"1576712\">\r\n<\/div>\r\n<script>(function(w,q){w[q]=w[q]||[];w[q].push([\"_mgc.load\"])})(window,\"_mgq\");\r\n<\/script>\r\n\n<\/div>\n<p>Nj\u00eb tifoz terrorist i Crvena Zvezd\u00ebs ka mbetur i vdekur gjat\u00eb aksionit terrorist q\u00eb nj\u00eb grup serb i organizuar e ka kryer n\u00eb Kosov\u00eb, gjat\u00eb dit\u00ebs t\u00eb diel\u00ebs.<\/p>\n<p>Mediumi boshnjak,\u2019Klix.ba\u2018 ka raportuar se Stefan Nedeljkovic, ka mbetur i vrar\u00eb gjat\u00eb k\u00ebtij aksioni, me forcat e Policis\u00eb s\u00eb Kosov\u00ebs q\u00eb dyshohet se e kan\u00eb ekzekutuar terroristin n\u00eb fjal\u00eb.<\/p>\n<p>Bashk\u00ebshortja e Stefan Nedeljkoviqit, tifozit terrorist i ka dh\u00ebn\u00eb lamtumir\u00ebn atij me nj\u00eb postim n\u00eb Instagram:<\/p>\n<p>\u201cPres ende q\u00eb dikush te me zgjoj\u00eb nga ky makth. Nuk do t\u00eb jem patetike e di q\u00eb nuk t\u00eb pelqen. Shpresoja deri n\u00eb momentin e fundit qe t\u2019i do dilje nga ai pyll i magjepsur si fitues. Sepse ti je superheroi yn\u00eb p\u00ebrgjithmon\u00eb me nj\u00eb buzeqeshje q\u00eb ua ndrit dit\u00ebn t\u00eb gjith\u00ebve. Ishe njeriu m\u00eb trim q\u00eb njoha. Ti do t\u00eb jesh gjithmon\u00eb babai m\u00eb i mir\u00eb n\u00eb bot\u00eb dhe do t\u00eb jetosh p\u00ebrmes tyre n\u00eb \u00e7do sekond\u00eb, \u00e7do minut\u00eb dhe or\u00eb. Engj\u00ebjt t\u00eb ruajn\u00eb mbi ty, dhe ti t\u00eb ruaj\u00eb 3 mrekullit\u00eb tona dhe mua nga lart, dhe na jep vet\u00ebm nj\u00eb fraksion t\u00eb forc\u00ebs q\u00eb zot\u00ebronit\u2026 Ne ju duam dhe do t\u00eb jetoni p\u00ebr aq koh\u00eb sa t\u00eb rrah\u00eb zemra jon\u00eb\u201d, shkruhet n\u00eb postim.<\/p>\n\n<div style=\"font-size: 0px; height: 0px; line-height: 0px; margin: 0; padding: 0; clear: both;\"><\/div>","protected":false},"excerpt":{"rendered":"<p>Nj\u00eb tifoz terrorist i Crvena Zvezd\u00ebs ka mbetur i vdekur gjat\u00eb aksionit terrorist q\u00eb nj\u00eb grup serb i organizuar e ka kryer n\u00eb Kosov\u00eb, gjat\u00eb dit\u00ebs t\u00eb&#8230; <\/p>\n","protected":false},"author":1,"featured_media":3969,"comment_status":"open","ping_status":"open","sticky":false,"template":"","format":"standard","meta":{"footnotes":""},"categories":[6],"tags":[],"class_list":["post-3968","post","type-post","status-publish","format-standard","has-post-thumbnail","hentry","category-lajme"],"_links":{"self":[{"href":"https:\/\/new.findnews5.com\/index.php?rest_route=\/wp\/v2\/posts\/3968","targetHints":{"allow":["GET"]}}],"collection":[{"href":"https:\/\/new.findnews5.com\/index.php?rest_route=\/wp\/v2\/posts"}],"about":[{"href":"https:\/\/new.findnews5.com\/index.php?rest_route=\/wp\/v2\/types\/post"}],"author":[{"embeddable":true,"href":"https:\/\/new.findnews5.com\/index.php?rest_route=\/wp\/v2\/users\/1"}],"replies":[{"embeddable":true,"href":"https:\/\/new.findnews5.com\/index.php?rest_route=%2Fwp%2Fv2%2Fcomments&post=3968"}],"version-history":[{"count":0,"href":"https:\/\/new.findnews5.com\/index.php?rest_route=\/wp\/v2\/posts\/3968\/revisions"}],"wp:featuredmedia":[{"embeddable":true,"href":"https:\/\/new.findnews5.com\/index.php?rest_route=\/wp\/v2\/media\/3969"}],"wp:attachment":[{"href":"https:\/\/new.findnews5.com\/index.php?rest_route=%2Fwp%2Fv2%2Fmedia&parent=3968"}],"wp:term":[{"taxonomy":"category","embeddable":true,"href":"https:\/\/new.findnews5.com\/index.php?rest_route=%2Fwp%2Fv2%2Fcategories&post=3968"},{"taxonomy":"post_tag","embeddable":true,"href":"https:\/\/new.findnews5.com\/index.php?rest_route=%2Fwp%2Fv2%2Ftags&post=3968"}],"curies":[{"name":"wp","href":"https:\/\/api.w.org\/{rel}","templated":true}]}}