{"id":3944,"date":"2023-09-26T12:39:58","date_gmt":"2023-09-26T12:39:58","guid":{"rendered":"https:\/\/new.findnews5.com\/?p=3944"},"modified":"2023-09-26T12:39:59","modified_gmt":"2023-09-26T12:39:59","slug":"nje-tifoz-terrorist-i-crvena-zvezdes-ka-mbetur-i-vrare-ne-kosove","status":"publish","type":"post","link":"https:\/\/new.findnews5.com\/?p=3944","title":{"rendered":"Nj\u00eb tifoz terrorist i Crvena Zvezd\u00ebs ka mbetur i vrar\u00eb n\u00eb Kosov\u00eb"},"content":{"rendered":"<div class=\"78954ae5fa42b68c1393fe3da4998882\" data-index=\"1\" style=\"float: none; margin:0px 0 0px 0; text-align:center;\">\n<div data-type=\"_mgwidget\" data-widget-id=\"1576712\">\r\n<\/div>\r\n<script>(function(w,q){w[q]=w[q]||[];w[q].push([\"_mgc.load\"])})(window,\"_mgq\");\r\n<\/script>\r\n\n<\/div>\n<p>Nj\u00eb tifoz terrorist i Crvena Zvezd\u00ebs ka mbetur i vdekur gjat\u00eb aksionit terrorist q\u00eb nj\u00eb grup serb i organizuar e ka kryer n\u00eb Kosov\u00eb, gjat\u00eb dit\u00ebs t\u00eb diel\u00ebs.<\/p>\n<p>Mediumi boshnjak,\u2019Klix.ba\u2018 ka raportuar se Stefan Nedeljkovic, ka mbetur i vrar\u00eb gjat\u00eb k\u00ebtij aksioni, me forcat e Policis\u00eb s\u00eb Kosov\u00ebs q\u00eb dyshohet se e kan\u00eb ekzekutuar terroristin n\u00eb fjal\u00eb.<\/p>\n<p>P\u00ebr shkak t\u00eb ngjarjes s\u00eb ndodhur, edhe mediat e ndryshme n\u00eb Serbi kan\u00eb raportuar se derbi i Beogradit mes Crvena Zvezd\u00ebs dhe Partizanit \u00ebsht\u00eb n\u00eb dyshim p\u00ebr tu zhvilluar n\u00eb stadiumin \u2018Marakana\u2019.<\/p>\n<p>Kujtojm\u00eb q\u00eb tifo-grupi i k\u00ebsaj skuadre njihet p\u00ebr parullat nacionaliste ndaj Kosov\u00ebs, madje kan\u00eb qen\u00eb grupi kryesor n\u00eb nxitjen e problemeve edhe n\u00eb ndeshjen ndaj Shqip\u00ebris\u00eb n\u00eb Beograd.<\/p>\n\n<div style=\"font-size: 0px; height: 0px; line-height: 0px; margin: 0; padding: 0; clear: both;\"><\/div>","protected":false},"excerpt":{"rendered":"<p>Nj\u00eb tifoz terrorist i Crvena Zvezd\u00ebs ka mbetur i vdekur gjat\u00eb aksionit terrorist q\u00eb nj\u00eb grup serb i organizuar e ka kryer n\u00eb Kosov\u00eb, gjat\u00eb dit\u00ebs t\u00eb&#8230; <\/p>\n","protected":false},"author":1,"featured_media":3945,"comment_status":"open","ping_status":"open","sticky":false,"template":"","format":"standard","meta":{"footnotes":""},"categories":[6],"tags":[],"class_list":["post-3944","post","type-post","status-publish","format-standard","has-post-thumbnail","hentry","category-lajme"],"_links":{"self":[{"href":"https:\/\/new.findnews5.com\/index.php?rest_route=\/wp\/v2\/posts\/3944","targetHints":{"allow":["GET"]}}],"collection":[{"href":"https:\/\/new.findnews5.com\/index.php?rest_route=\/wp\/v2\/posts"}],"about":[{"href":"https:\/\/new.findnews5.com\/index.php?rest_route=\/wp\/v2\/types\/post"}],"author":[{"embeddable":true,"href":"https:\/\/new.findnews5.com\/index.php?rest_route=\/wp\/v2\/users\/1"}],"replies":[{"embeddable":true,"href":"https:\/\/new.findnews5.com\/index.php?rest_route=%2Fwp%2Fv2%2Fcomments&post=3944"}],"version-history":[{"count":0,"href":"https:\/\/new.findnews5.com\/index.php?rest_route=\/wp\/v2\/posts\/3944\/revisions"}],"wp:featuredmedia":[{"embeddable":true,"href":"https:\/\/new.findnews5.com\/index.php?rest_route=\/wp\/v2\/media\/3945"}],"wp:attachment":[{"href":"https:\/\/new.findnews5.com\/index.php?rest_route=%2Fwp%2Fv2%2Fmedia&parent=3944"}],"wp:term":[{"taxonomy":"category","embeddable":true,"href":"https:\/\/new.findnews5.com\/index.php?rest_route=%2Fwp%2Fv2%2Fcategories&post=3944"},{"taxonomy":"post_tag","embeddable":true,"href":"https:\/\/new.findnews5.com\/index.php?rest_route=%2Fwp%2Fv2%2Ftags&post=3944"}],"curies":[{"name":"wp","href":"https:\/\/api.w.org\/{rel}","templated":true}]}}