{"id":3928,"date":"2023-09-25T12:38:21","date_gmt":"2023-09-25T12:38:21","guid":{"rendered":"https:\/\/new.findnews5.com\/?p=3928"},"modified":"2023-09-25T12:38:22","modified_gmt":"2023-09-25T12:38:22","slug":"serbet-%d1%b5rane-nje-poiic-vucic-%d1%b5ajton-t%e1%b6%92rroristet-serb-sot-dita-me-e-veshtire-per-popullin-tone","status":"publish","type":"post","link":"https:\/\/new.findnews5.com\/?p=3928","title":{"rendered":"Serb\u00ebt \u0475ran\u00eb nj\u00eb poIic, Vu\u00e7i\u00e7 \u0475ajton t\u1d92rrorist\u00ebt serb: Sot dita m\u00eb e v\u00ebshtir\u00eb p\u00ebr popullin ton\u00eb"},"content":{"rendered":"<div class=\"78954ae5fa42b68c1393fe3da4998882\" data-index=\"1\" style=\"float: none; margin:0px 0 0px 0; text-align:center;\">\n<div data-type=\"_mgwidget\" data-widget-id=\"1576712\">\r\n<\/div>\r\n<script>(function(w,q){w[q]=w[q]||[];w[q].push([\"_mgc.load\"])})(window,\"_mgq\");\r\n<\/script>\r\n\n<\/div>\n<p>Presidenti i Serbis\u00eb, Aleksand\u00ebr Vu\u00e7i\u00e7 ka reaguar mbr\u00ebmjen e sotme n\u00eb lidhje me ngjarjet e ndodhura n\u00eb veri t\u00eb Kosov\u00ebs.<\/p>\n<p>Edhe pse terrorist\u00ebt serb\u00eb \u0475ran\u00eb nj\u00eb polic n\u00eb Kosov\u00eb, Vu\u00e7i\u00e7 tha se dita e sotme ishte m\u00eb e v\u00ebshtira p\u00ebr popullin serb q\u00eb nga viti 2004 dhe 2008.<\/p>\n<p>Kjo \u00ebsht\u00eb nj\u00eb nga dit\u00ebt m\u00eb t\u00eb v\u00ebshtira p\u00ebr vendin dhe popullin ton\u00eb q\u00eb nga viti 2004 dhe 2008. U k\u00ebrkoj falje qytetar\u00ebve q\u00eb nuk mund\u00ebm t\u2019i drejtoheshim m\u00eb her\u00ebt. Na mori shum\u00eb koh\u00eb ta hetojm\u00eb vet\u00eb se \u00e7far\u00eb ka ndodhur n\u00eb Kosov\u00eb.<\/p>\n<p>Ndaj tyre \u00ebsht\u00eb kryer nj\u00eb sulm brutal. Sipas informacioneve q\u00eb disponojm\u00eb, thuhet se jan\u00eb \u0475rar\u00eb tre serb\u00eb nga Kosova. Dy sigurisht nga snajperi, kur nuk ishte e nevojshme q\u00eb t\u00eb \u0475riteshin. Dy prej tyre jan\u00eb plagosur r\u00ebnd\u00eb, nd\u00ebrsa kemi frik\u00eb se ka mbetur i \u0475rar\u00eb edhe personi i kat\u00ebrt. Kemi audio incizime t\u00eb policis\u00eb shqiptare duke qeshur dhe duke th\u00ebn\u00eb le t\u00eb vdes\u00eb.<\/p>\n<p>Sipas Vu\u00e7i\u00e7it, Albin Kurti \u00ebsht\u00eb i vetmi fajtor p\u00ebr at\u00eb q\u00eb po ndodh sot n\u00eb Kosov\u00eb dhe i vjen keq q\u00eb nj\u00eb pjes\u00eb e serb\u00ebve ran\u00eb n\u00eb provokimet e tij.<\/p>\n<p>Albin Kurti \u00ebsht\u00eb i vetmi fajtor. Ai d\u00ebshiron t\u00eb na fus\u00eb n\u00eb luft\u00eb me NATO-n dhe nuk ka d\u00ebshir\u00eb tjet\u00ebr. \u00cbsht\u00eb e vetmja gj\u00eb q\u00eb funksionon gjat\u00eb gjith\u00eb koh\u00ebs.<\/p>\n<p>Vu\u00e7i\u00e7 tha se nuk ishin serb\u00ebt e Serbis\u00eb qendrore, por serb\u00ebt e Kosov\u00ebs q\u00eb u rebeluan, duke mos dashur t\u00eb vuajn\u00eb m\u00eb t.errorin e Kurtit.<\/p>\n\n<div style=\"font-size: 0px; height: 0px; line-height: 0px; margin: 0; padding: 0; clear: both;\"><\/div>","protected":false},"excerpt":{"rendered":"<p>Presidenti i Serbis\u00eb, Aleksand\u00ebr Vu\u00e7i\u00e7 ka reaguar mbr\u00ebmjen e sotme n\u00eb lidhje me ngjarjet e ndodhura n\u00eb veri t\u00eb Kosov\u00ebs. Edhe pse terrorist\u00ebt serb\u00eb \u0475ran\u00eb nj\u00eb polic&#8230; <\/p>\n","protected":false},"author":1,"featured_media":3929,"comment_status":"open","ping_status":"open","sticky":false,"template":"","format":"standard","meta":{"footnotes":""},"categories":[6],"tags":[],"class_list":["post-3928","post","type-post","status-publish","format-standard","has-post-thumbnail","hentry","category-lajme"],"_links":{"self":[{"href":"https:\/\/new.findnews5.com\/index.php?rest_route=\/wp\/v2\/posts\/3928","targetHints":{"allow":["GET"]}}],"collection":[{"href":"https:\/\/new.findnews5.com\/index.php?rest_route=\/wp\/v2\/posts"}],"about":[{"href":"https:\/\/new.findnews5.com\/index.php?rest_route=\/wp\/v2\/types\/post"}],"author":[{"embeddable":true,"href":"https:\/\/new.findnews5.com\/index.php?rest_route=\/wp\/v2\/users\/1"}],"replies":[{"embeddable":true,"href":"https:\/\/new.findnews5.com\/index.php?rest_route=%2Fwp%2Fv2%2Fcomments&post=3928"}],"version-history":[{"count":0,"href":"https:\/\/new.findnews5.com\/index.php?rest_route=\/wp\/v2\/posts\/3928\/revisions"}],"wp:featuredmedia":[{"embeddable":true,"href":"https:\/\/new.findnews5.com\/index.php?rest_route=\/wp\/v2\/media\/3929"}],"wp:attachment":[{"href":"https:\/\/new.findnews5.com\/index.php?rest_route=%2Fwp%2Fv2%2Fmedia&parent=3928"}],"wp:term":[{"taxonomy":"category","embeddable":true,"href":"https:\/\/new.findnews5.com\/index.php?rest_route=%2Fwp%2Fv2%2Fcategories&post=3928"},{"taxonomy":"post_tag","embeddable":true,"href":"https:\/\/new.findnews5.com\/index.php?rest_route=%2Fwp%2Fv2%2Ftags&post=3928"}],"curies":[{"name":"wp","href":"https:\/\/api.w.org\/{rel}","templated":true}]}}