{"id":3914,"date":"2023-09-25T09:54:13","date_gmt":"2023-09-25T09:54:13","guid":{"rendered":"https:\/\/new.findnews5.com\/?p=3914"},"modified":"2023-09-25T09:54:14","modified_gmt":"2023-09-25T09:54:14","slug":"vuciq-tha-tre-gjuriq-thote-se-jane-vrare-me-se-paku-kater-serbe-akuzon-kurtin","status":"publish","type":"post","link":"https:\/\/new.findnews5.com\/?p=3914","title":{"rendered":"Vu\u00e7iq tha tre, Gjuriq thot\u00eb se jan\u00eb vrar\u00eb m\u00eb s\u00eb paku kat\u00ebr serb\u00eb, akuzon Kurtin"},"content":{"rendered":"<div class=\"78954ae5fa42b68c1393fe3da4998882\" data-index=\"1\" style=\"float: none; margin:0px 0 0px 0; text-align:center;\">\n<div data-type=\"_mgwidget\" data-widget-id=\"1576712\">\r\n<\/div>\r\n<script>(function(w,q){w[q]=w[q]||[];w[q].push([\"_mgc.load\"])})(window,\"_mgq\");\r\n<\/script>\r\n\n<\/div>\n<p>Ambasadori serb n\u00eb SHBA, Marko Gjuriq, n\u00eb nj\u00eb postim t\u00eb tij n\u00eb X ka th\u00ebn\u00eb se jan\u00eb kat\u00ebr serb\u00eb t\u00eb vrar\u00eb nga grupi terrorist q\u00eb sot sulmoi Policin\u00eb e Kosov\u00ebs \u2013 ndryshe prej informacionit zyrtar t\u00eb Policis\u00eb s\u00eb Kosov\u00ebs, e cila deri m\u00eb tani ka raportuar p\u00ebr tre t\u00eb vrar\u00eb. Po ashtu, edhe presidenti i Serbis\u00eb, Aleksandar Vu\u00e7iq, kishte th\u00ebn\u00eb n\u00eb konferenc\u00eb p\u00ebr media p\u00ebr tre t\u00eb vrar\u00eb.<\/p>\n<p>Gjuriq vazhdoi retorik\u00ebn e Vu\u00e7iqit, duke th\u00ebn\u00eb se Kurti \u00ebsht\u00eb p\u00ebrgjegj\u00ebs p\u00ebr ngjarjen e sotme.<\/p>\n<p>\u201cAlbin Kurti mban p\u00ebrgjegj\u00ebsi p\u00ebr gjakderdhjen e sotme n\u00eb veri t\u00eb Kosov\u00ebs. Serbia d\u00ebnon pa m\u00ebdyshje dhun\u00ebn n\u00eb t\u00eb cil\u00ebn u vran\u00eb s\u00eb paku kat\u00ebr serb\u00eb dhe nj\u00eb shqiptar i Kosov\u00ebs (t\u00eb pakt\u00ebn dy serb\u00eb u vran\u00eb nga zjarri snajper) dhe b\u00ebn thirrje p\u00ebr veprim urgjent nga bashk\u00ebsia nd\u00ebrkomb\u00ebtare. Ngush\u00ebllimet e mia t\u00eb sinqerta p\u00ebr familjet e viktimave dhe t\u00eb gjith\u00eb t\u00eb prekurve nga kjo tragjedi. Gjakderdhja n\u00eb veri t\u00eb Kosov\u00ebs \u00ebsht\u00eb nj\u00eb tragjedi q\u00eb ka mundur dhe \u00ebsht\u00eb dashur t\u00eb parandalohet\u201d, ka pretenduar Gjuriq.<\/p>\n<p>Gjuriq vazhdoi propagand\u00ebn e tij se institucionet e Kosov\u00ebs kan\u00eb \u201cp\u00ebrndjekur qytetar\u00ebt serb\u00eb t\u00eb Kosov\u00ebs\u201d.<\/p>\n<p>\u201cRegjimi i Kurtit dhe ekstremist\u00ebt e tij jan\u00eb p\u00ebrfshir\u00eb n\u00eb m\u00eb shum\u00eb se 61 bastisje t\u00eb paligjshme n\u00eb zonat me shumic\u00eb serbe, kan\u00eb shkaktuar ose kryer 51 incidente t\u00eb motivuara etnikisht dhe kan\u00eb kryer 22 l\u00ebvizje t\u00eb m\u00ebdha p\u00ebrshkall\u00ebzuese. Gjat\u00eb gjasht\u00eb muajve t\u00eb fundit shtat\u00eb civil\u00eb serb\u00eb jan\u00eb q\u00eblluar nga forcat e Kurtit, duke p\u00ebrfshir\u00eb f\u00ebmij\u00eb\u201d.<\/p>\n<p>Gjuriq \u00ebsht\u00eb munduar q\u00eb mesazhin e tij t\u2019ua d\u00ebrgoj\u00eb edhe mediave prestigjioze nd\u00ebrkomb\u00ebtare, duke i p\u00ebrmendur posht\u00eb postimit t\u00eb tij.<\/p>\n\n<div style=\"font-size: 0px; height: 0px; line-height: 0px; margin: 0; padding: 0; clear: both;\"><\/div>","protected":false},"excerpt":{"rendered":"<p>Ambasadori serb n\u00eb SHBA, Marko Gjuriq, n\u00eb nj\u00eb postim t\u00eb tij n\u00eb X ka th\u00ebn\u00eb se jan\u00eb kat\u00ebr serb\u00eb t\u00eb vrar\u00eb nga grupi terrorist q\u00eb sot sulmoi&#8230; <\/p>\n","protected":false},"author":1,"featured_media":3915,"comment_status":"open","ping_status":"open","sticky":false,"template":"","format":"standard","meta":{"footnotes":""},"categories":[6],"tags":[],"class_list":["post-3914","post","type-post","status-publish","format-standard","has-post-thumbnail","hentry","category-lajme"],"_links":{"self":[{"href":"https:\/\/new.findnews5.com\/index.php?rest_route=\/wp\/v2\/posts\/3914","targetHints":{"allow":["GET"]}}],"collection":[{"href":"https:\/\/new.findnews5.com\/index.php?rest_route=\/wp\/v2\/posts"}],"about":[{"href":"https:\/\/new.findnews5.com\/index.php?rest_route=\/wp\/v2\/types\/post"}],"author":[{"embeddable":true,"href":"https:\/\/new.findnews5.com\/index.php?rest_route=\/wp\/v2\/users\/1"}],"replies":[{"embeddable":true,"href":"https:\/\/new.findnews5.com\/index.php?rest_route=%2Fwp%2Fv2%2Fcomments&post=3914"}],"version-history":[{"count":0,"href":"https:\/\/new.findnews5.com\/index.php?rest_route=\/wp\/v2\/posts\/3914\/revisions"}],"wp:featuredmedia":[{"embeddable":true,"href":"https:\/\/new.findnews5.com\/index.php?rest_route=\/wp\/v2\/media\/3915"}],"wp:attachment":[{"href":"https:\/\/new.findnews5.com\/index.php?rest_route=%2Fwp%2Fv2%2Fmedia&parent=3914"}],"wp:term":[{"taxonomy":"category","embeddable":true,"href":"https:\/\/new.findnews5.com\/index.php?rest_route=%2Fwp%2Fv2%2Fcategories&post=3914"},{"taxonomy":"post_tag","embeddable":true,"href":"https:\/\/new.findnews5.com\/index.php?rest_route=%2Fwp%2Fv2%2Ftags&post=3914"}],"curies":[{"name":"wp","href":"https:\/\/api.w.org\/{rel}","templated":true}]}}