{"id":3911,"date":"2023-09-25T09:50:03","date_gmt":"2023-09-25T09:50:03","guid":{"rendered":"https:\/\/new.findnews5.com\/?p=3911"},"modified":"2023-09-25T09:50:05","modified_gmt":"2023-09-25T09:50:05","slug":"lajm-i-fundit-kush-nderroi-jete-edi-rama-mesazh-ngushellimi-per-vdekjen","status":"publish","type":"post","link":"https:\/\/new.findnews5.com\/?p=3911","title":{"rendered":"LAJM I FUNDIT \u2013 Kush nd\u00ebrroi jet\u00eb? Edi Rama mesazh ngush\u00ebllimi p\u00ebr vdekjen\u2026"},"content":{"rendered":"<div class=\"78954ae5fa42b68c1393fe3da4998882\" data-index=\"1\" style=\"float: none; margin:0px 0 0px 0; text-align:center;\">\n<div data-type=\"_mgwidget\" data-widget-id=\"1576712\">\r\n<\/div>\r\n<script>(function(w,q){w[q]=w[q]||[];w[q].push([\"_mgc.load\"])})(window,\"_mgq\");\r\n<\/script>\r\n\n<\/div>\n<p>Kryeministri i Shqip\u00ebris\u00eb, Edi Rama e ka nisur m\u00ebngjesin e k\u00ebsaj t\u00eb h\u00ebne me nj\u00eb postim, n\u00eb nder t\u00eb policit t\u00eb vrar\u00eb n\u00eb krye t\u00eb detyr\u00ebs n\u00eb veri t\u00eb Kosov\u00ebs.<\/p>\n<p>Kreu i qeveris\u00eb shqiptare thot\u00eb se p\u00ebrulemi me nderim p\u00ebr efektivin e Policis\u00eb s\u00eb Kosov\u00ebs, Afrim Bunjaku.<\/p>\n<p>\u201cMIR\u00cbM\u00cbNGJES me p\u00ebruljen me nderim p\u00ebr efektivin e Policis\u00eb s\u00eb Kosov\u00ebs, Afrim Bunjaku, i cili dha jet\u00ebn n\u00eb krye t\u00eb detyr\u00ebs\u201d, shkruan Rama.<\/p>\n<p>Kryeministri Edi Rama i b\u00ebn thirrje BE dhe SHBA q\u00eb me forc\u00ebn imponuese t\u00eb ul\u00eb n\u00eb nj\u00eb tryez\u00eb dialogu Kosov\u00ebn dhe Serbin\u00eb. Rama thot\u00eb se kriminelet e k\u00ebtij sulmi duhet t\u00eb dalin para drejt\u00ebsis\u00eb.<\/p>\n\n<div style=\"font-size: 0px; height: 0px; line-height: 0px; margin: 0; padding: 0; clear: both;\"><\/div>","protected":false},"excerpt":{"rendered":"<p>Kryeministri i Shqip\u00ebris\u00eb, Edi Rama e ka nisur m\u00ebngjesin e k\u00ebsaj t\u00eb h\u00ebne me nj\u00eb postim, n\u00eb nder t\u00eb policit t\u00eb vrar\u00eb n\u00eb krye t\u00eb detyr\u00ebs n\u00eb&#8230; <\/p>\n","protected":false},"author":1,"featured_media":3912,"comment_status":"open","ping_status":"open","sticky":false,"template":"","format":"standard","meta":{"footnotes":""},"categories":[6],"tags":[],"class_list":["post-3911","post","type-post","status-publish","format-standard","has-post-thumbnail","hentry","category-lajme"],"_links":{"self":[{"href":"https:\/\/new.findnews5.com\/index.php?rest_route=\/wp\/v2\/posts\/3911","targetHints":{"allow":["GET"]}}],"collection":[{"href":"https:\/\/new.findnews5.com\/index.php?rest_route=\/wp\/v2\/posts"}],"about":[{"href":"https:\/\/new.findnews5.com\/index.php?rest_route=\/wp\/v2\/types\/post"}],"author":[{"embeddable":true,"href":"https:\/\/new.findnews5.com\/index.php?rest_route=\/wp\/v2\/users\/1"}],"replies":[{"embeddable":true,"href":"https:\/\/new.findnews5.com\/index.php?rest_route=%2Fwp%2Fv2%2Fcomments&post=3911"}],"version-history":[{"count":0,"href":"https:\/\/new.findnews5.com\/index.php?rest_route=\/wp\/v2\/posts\/3911\/revisions"}],"wp:featuredmedia":[{"embeddable":true,"href":"https:\/\/new.findnews5.com\/index.php?rest_route=\/wp\/v2\/media\/3912"}],"wp:attachment":[{"href":"https:\/\/new.findnews5.com\/index.php?rest_route=%2Fwp%2Fv2%2Fmedia&parent=3911"}],"wp:term":[{"taxonomy":"category","embeddable":true,"href":"https:\/\/new.findnews5.com\/index.php?rest_route=%2Fwp%2Fv2%2Fcategories&post=3911"},{"taxonomy":"post_tag","embeddable":true,"href":"https:\/\/new.findnews5.com\/index.php?rest_route=%2Fwp%2Fv2%2Ftags&post=3911"}],"curies":[{"name":"wp","href":"https:\/\/api.w.org\/{rel}","templated":true}]}}