{"id":3904,"date":"2023-09-24T18:11:37","date_gmt":"2023-09-24T18:11:37","guid":{"rendered":"https:\/\/new.findnews5.com\/?p=3904"},"modified":"2023-09-24T18:11:39","modified_gmt":"2023-09-24T18:11:39","slug":"bekim-jashari-bashkarisht-ti-pergjigjemi-serbise-ia-kemi-borxh-deshmoreve-sot-eshte-vone","status":"publish","type":"post","link":"https:\/\/new.findnews5.com\/?p=3904","title":{"rendered":"Bekim Jashari: Bashkarisht t\u2019i p\u00ebrgjigjemi Serbis\u00eb, ia kemi borxh d\u00ebshmor\u00ebve \u2013 sot \u00ebsht\u00eb von\u00eb"},"content":{"rendered":"<div class=\"78954ae5fa42b68c1393fe3da4998882\" data-index=\"1\" style=\"float: none; margin:0px 0 0px 0; text-align:center;\">\n<div data-type=\"_mgwidget\" data-widget-id=\"1576712\">\r\n<\/div>\r\n<script>(function(w,q){w[q]=w[q]||[];w[q].push([\"_mgc.load\"])})(window,\"_mgq\");\r\n<\/script>\r\n\n<\/div>\n<p>Pasardh\u00ebsi i familjes heroike Jashari, Bekimi ka reaguar pas sulmit tragjik n\u00eb zon\u00ebn e fshatit Banjska, ku mbeti i vrar\u00eb polici i Kosov\u00eb, Afrim Bunjaku, nd\u00ebrsa u plagos polici tjet\u00ebr, Alban Rashiti. Ai i shprehu ngush\u00ebllimet e familjes s\u00eb tij, familjes s\u00eb policit Bunjaku, raporton Gazeta Sinjali.<\/p>\n<p>Jashari tha se sulmet e tilla vijn\u00eb me urdh\u00ebr nga Beogradi, teksa b\u00ebri thirrje p\u00ebr unitet n\u00eb Kosov\u00eb p\u00ebr ruajtjen e sovranitetit dhe territorialitetit, dhe p\u00ebr t\u2019iu p\u00ebrgjigjur s\u00eb bashku Serbis\u00eb, pasi si\u00e7 tha ai, ky \u00ebsht\u00eb borxhi ndaj d\u00ebshmor\u00ebve.<\/p>\n<p>Postimi i plot\u00eb i tij:<\/p>\n<p>I r\u00ebnd\u00eb lajmi p\u00ebr vrasjen e policit t\u00eb Kosov\u00ebs, rreshterit Afrim Bunjaku dhe plagosjen e policit Alban Rashiti nga kriminel\u00ebt serb\u00eb t\u00eb Vu\u00e7iqit.<\/p>\n<p>N\u00eb emrin tim dhe t\u00eb familjes i shprehu ngush\u00ebllime familjes s\u00eb policit t\u00eb r\u00ebn\u00eb sot n\u00eb mbrojtje t\u00eb sovranitetit t\u00eb vendit kurse policit t\u00eb plagosur i uroj sh\u00ebrim t\u00eb shpejt\u00eb.<\/p>\n<p>Sulmet e tilla dhe sjelljet kriminale me urdh\u00ebr t\u00eb Beogradit n\u00eb Kosov\u00eb duhet t\u00eb bindin bashk\u00ebsin\u00eb nd\u00ebrkomb\u00ebtare mbi politik\u00ebn shoveniste q\u00eb edhe sot po ndjek Beogradi ndaj shtetit t\u00eb pavarur t\u00eb Kosov\u00ebs.<\/p>\n<p>Situata n\u00eb veri duhet t\u00eb sh\u00ebrbej\u00eb si alarm p\u00ebr spektrin ton\u00eb politik p\u00ebr t\u00eb qen\u00eb t\u00eb bashkuar n\u00eb tejkalimin e saj dhe bashk\u00ebrisht t\u2019i p\u00ebrgjigjemi Serbis\u00eb dhe planeve t\u00eb saj p\u00ebr ndarjen e Kosov\u00ebs.<\/p>\n<p>Sot \u00ebsht\u00eb von\u00eb, nes\u00ebr mund t\u00eb jet\u00eb e pamundur. Na duhet unitet p\u00ebr ruajtjen e sovranitetetit dhe territorialitet t\u00eb Kosov\u00ebs. K\u00ebt\u00eb ia kemi borxh d\u00ebshmor\u00ebve e martir\u00ebve t\u00eb vendit ton\u00eb!<\/p>\n<p>Lavdi heroit Afrim Bunjaku!<\/p>\n<p>I r\u00ebnd\u00eb lajmi p\u00ebr vrasjen e policit t\u00eb Kosov\u00ebs, rreshterit Afrim Bunjaku dhe plagosjen e policit Alban Rashiti nga\u2026<\/p>\n\n<div style=\"font-size: 0px; height: 0px; line-height: 0px; margin: 0; padding: 0; clear: both;\"><\/div>","protected":false},"excerpt":{"rendered":"<p>Pasardh\u00ebsi i familjes heroike Jashari, Bekimi ka reaguar pas sulmit tragjik n\u00eb zon\u00ebn e fshatit Banjska, ku mbeti i vrar\u00eb polici i Kosov\u00eb, Afrim Bunjaku, nd\u00ebrsa u&#8230; <\/p>\n","protected":false},"author":1,"featured_media":3905,"comment_status":"open","ping_status":"open","sticky":false,"template":"","format":"standard","meta":{"footnotes":""},"categories":[6],"tags":[],"class_list":["post-3904","post","type-post","status-publish","format-standard","has-post-thumbnail","hentry","category-lajme"],"_links":{"self":[{"href":"https:\/\/new.findnews5.com\/index.php?rest_route=\/wp\/v2\/posts\/3904","targetHints":{"allow":["GET"]}}],"collection":[{"href":"https:\/\/new.findnews5.com\/index.php?rest_route=\/wp\/v2\/posts"}],"about":[{"href":"https:\/\/new.findnews5.com\/index.php?rest_route=\/wp\/v2\/types\/post"}],"author":[{"embeddable":true,"href":"https:\/\/new.findnews5.com\/index.php?rest_route=\/wp\/v2\/users\/1"}],"replies":[{"embeddable":true,"href":"https:\/\/new.findnews5.com\/index.php?rest_route=%2Fwp%2Fv2%2Fcomments&post=3904"}],"version-history":[{"count":0,"href":"https:\/\/new.findnews5.com\/index.php?rest_route=\/wp\/v2\/posts\/3904\/revisions"}],"wp:featuredmedia":[{"embeddable":true,"href":"https:\/\/new.findnews5.com\/index.php?rest_route=\/wp\/v2\/media\/3905"}],"wp:attachment":[{"href":"https:\/\/new.findnews5.com\/index.php?rest_route=%2Fwp%2Fv2%2Fmedia&parent=3904"}],"wp:term":[{"taxonomy":"category","embeddable":true,"href":"https:\/\/new.findnews5.com\/index.php?rest_route=%2Fwp%2Fv2%2Fcategories&post=3904"},{"taxonomy":"post_tag","embeddable":true,"href":"https:\/\/new.findnews5.com\/index.php?rest_route=%2Fwp%2Fv2%2Ftags&post=3904"}],"curies":[{"name":"wp","href":"https:\/\/api.w.org\/{rel}","templated":true}]}}