{"id":3901,"date":"2023-09-24T18:07:49","date_gmt":"2023-09-24T18:07:49","guid":{"rendered":"https:\/\/new.findnews5.com\/?p=3901"},"modified":"2023-09-24T18:07:50","modified_gmt":"2023-09-24T18:07:50","slug":"borrell-telefonon-kurtin-e-vuciqin-kjo-eshte-kerkesa-urgjente-qe-sapo-e-kerkoi-nga-ai","status":"publish","type":"post","link":"https:\/\/new.findnews5.com\/?p=3901","title":{"rendered":"Borrell telefonon Kurtin e Vu\u00e7iqin, kjo \u00ebsht\u00eb k\u00ebrkesa urgjente q\u00eb sapo e k\u00ebrkoi nga ai .."},"content":{"rendered":"<div class=\"78954ae5fa42b68c1393fe3da4998882\" data-index=\"1\" style=\"float: none; margin:0px 0 0px 0; text-align:center;\">\n<div data-type=\"_mgwidget\" data-widget-id=\"1576712\">\r\n<\/div>\r\n<script>(function(w,q){w[q]=w[q]||[];w[q].push([\"_mgc.load\"])})(window,\"_mgq\");\r\n<\/script>\r\n\n<\/div>\n<p>P\u00ebrfaq\u00ebsuesi i Lart\u00eb i BE-s\u00eb, Josep Borrell, ka telefonuar kryeministrin e Kosov\u00ebs, Albin Kurtin dhe presidentin e Serbis\u00eb, Aleksandar Vu\u00e7iq, pas sulmeve n\u00eb veri t\u00eb vendit ku mbeti i vrar\u00eb polici Afrim Bunjaku kurse i plagosur polici Alban Rashiti.<\/p>\n<p>\u201cPas sulmit t\u00eb tmerrsh\u00ebm dhe frikacak terrorist t\u00eb sot\u00ebm kund\u00ebr polic\u00ebve t\u00eb Policis\u00eb s\u00eb Kosov\u00ebs, P\u00ebrfaq\u00ebsuesi i Lart\u00eb Josep Borrell foli me kryeministrin Albin Kurti\u201d, thuhet n\u00eb deklarat\u00ebn e l\u00ebshuar nga sh\u00ebrbimi i jasht\u00ebm i BE-s\u00eb. Ai d\u00ebnoi ashp\u00ebr agresionin e sot\u00ebm.<\/p>\n<p>P\u00ebrfaq\u00ebsuesi i Lart\u00eb Borrell shprehu ngush\u00ebllimet e tij p\u00ebr familjen, koleg\u00ebt dhe t\u00eb dashurit e punonj\u00ebsit t\u00eb policis\u00eb q\u00eb humbi jet\u00ebn n\u00eb krye t\u00eb detyr\u00ebs dhe u uroi sh\u00ebrim t\u00eb shpejt\u00eb punonj\u00ebsve t\u00eb policis\u00eb t\u00eb plagosur.<\/p>\n<p>P\u00ebrfaq\u00ebsuesi i Lart\u00eb ka telefonuar edhe presidentin e Serbis\u00eb, Aleksandar Vu\u00e7iq, thuhet n\u00eb njoftimin e BE-s\u00eb.<\/p>\n<p>\u201cP\u00ebrfaq\u00ebsuesi i Lart\u00eb Borrell p\u00ebrs\u00ebriti thirrjen e tij p\u00ebr sulmuesit q\u00eb t\u00eb dor\u00ebzohen menj\u00ebher\u00eb dhe lirimin e pelegrin\u00ebve n\u00eb Manastirin e Banjsk\u00ebs, q\u00eb ata t\u00eb largohen t\u00eb sigurt. Ai b\u00ebri thirrje p\u00ebr rivendosjen e qet\u00ebsis\u00eb dhe stabilitetit\u201d, thuhet n\u00eb njoftim.<\/p>\n<p>BE tha se EULEX-i, si reagues i dyt\u00eb i siguris\u00eb, po monitoron situat\u00ebn n\u00eb terren dhe \u00ebsht\u00eb i gatsh\u00ebm t\u00eb mb\u00ebshtes\u00eb institucionet e Kosov\u00ebs n\u00eb ruajtjen e stabilitetit dhe siguris\u00eb s\u00eb t\u00eb gjitha komuniteteve t\u00eb saj, n\u00eb p\u00ebrputhje me mandatin e tij dhe n\u00eb koordinim t\u00eb ngusht\u00eb me KFOR-in e NATO-s.<\/p>\n<p>\u201cP\u00ebrfaq\u00ebsuesi Special i BE-s\u00eb p\u00ebr Kosov\u00ebn n\u00eb terren \u00ebsht\u00eb n\u00eb kontakt t\u00eb ngusht\u00eb me autoritetet\u201d.<\/p>\n\n<div style=\"font-size: 0px; height: 0px; line-height: 0px; margin: 0; padding: 0; clear: both;\"><\/div>","protected":false},"excerpt":{"rendered":"<p>P\u00ebrfaq\u00ebsuesi i Lart\u00eb i BE-s\u00eb, Josep Borrell, ka telefonuar kryeministrin e Kosov\u00ebs, Albin Kurtin dhe presidentin e Serbis\u00eb, Aleksandar Vu\u00e7iq, pas sulmeve n\u00eb veri t\u00eb vendit ku&#8230; <\/p>\n","protected":false},"author":1,"featured_media":3902,"comment_status":"open","ping_status":"open","sticky":false,"template":"","format":"standard","meta":{"footnotes":""},"categories":[6],"tags":[],"class_list":["post-3901","post","type-post","status-publish","format-standard","has-post-thumbnail","hentry","category-lajme"],"_links":{"self":[{"href":"https:\/\/new.findnews5.com\/index.php?rest_route=\/wp\/v2\/posts\/3901","targetHints":{"allow":["GET"]}}],"collection":[{"href":"https:\/\/new.findnews5.com\/index.php?rest_route=\/wp\/v2\/posts"}],"about":[{"href":"https:\/\/new.findnews5.com\/index.php?rest_route=\/wp\/v2\/types\/post"}],"author":[{"embeddable":true,"href":"https:\/\/new.findnews5.com\/index.php?rest_route=\/wp\/v2\/users\/1"}],"replies":[{"embeddable":true,"href":"https:\/\/new.findnews5.com\/index.php?rest_route=%2Fwp%2Fv2%2Fcomments&post=3901"}],"version-history":[{"count":0,"href":"https:\/\/new.findnews5.com\/index.php?rest_route=\/wp\/v2\/posts\/3901\/revisions"}],"wp:featuredmedia":[{"embeddable":true,"href":"https:\/\/new.findnews5.com\/index.php?rest_route=\/wp\/v2\/media\/3902"}],"wp:attachment":[{"href":"https:\/\/new.findnews5.com\/index.php?rest_route=%2Fwp%2Fv2%2Fmedia&parent=3901"}],"wp:term":[{"taxonomy":"category","embeddable":true,"href":"https:\/\/new.findnews5.com\/index.php?rest_route=%2Fwp%2Fv2%2Fcategories&post=3901"},{"taxonomy":"post_tag","embeddable":true,"href":"https:\/\/new.findnews5.com\/index.php?rest_route=%2Fwp%2Fv2%2Ftags&post=3901"}],"curies":[{"name":"wp","href":"https:\/\/api.w.org\/{rel}","templated":true}]}}