{"id":3897,"date":"2023-09-24T15:56:05","date_gmt":"2023-09-24T15:56:05","guid":{"rendered":"https:\/\/new.findnews5.com\/?p=3897"},"modified":"2023-09-24T15:56:06","modified_gmt":"2023-09-24T15:56:06","slug":"te-vdesesh-per-atdhe-eshte-sikur-te-rilindesh-perseri-reagon-familjari-i-policit-te-vrare-ne-veri","status":"publish","type":"post","link":"https:\/\/new.findnews5.com\/?p=3897","title":{"rendered":"\u201cT\u00eb vdes\u00ebsh p\u00ebr atdhe, \u00ebsht\u00eb sikur t\u00eb rilind\u00ebsh p\u00ebrs\u00ebri\u201d, reagon familjari i policit t\u00eb vrar\u00eb n\u00eb veri"},"content":{"rendered":"<div class=\"78954ae5fa42b68c1393fe3da4998882\" data-index=\"1\" style=\"float: none; margin:0px 0 0px 0; text-align:center;\">\n<div data-type=\"_mgwidget\" data-widget-id=\"1576712\">\r\n<\/div>\r\n<script>(function(w,q){w[q]=w[q]||[];w[q].push([\"_mgc.load\"])})(window,\"_mgq\");\r\n<\/script>\r\n\n<\/div>\n<p>Afrim Bunjaku \u00ebsht\u00eb zyrtari policor q\u00eb u vra n\u00eb or\u00ebt e para t\u00eb m\u00ebngjesit t\u00eb 24 shatorit n\u00eb veri t\u00eb Kosov\u00ebs. E p\u00ebr k\u00ebt\u00eb ka reaguar familjari i tij, Arton Bunjaku, i cili ka th\u00ebn\u00eb se Afrim Bunjaku \u00ebsht\u00eb vrar\u00eb n\u00eb krye t\u00eb detyr\u00ebs, duke mbrojtur integritetin territorial.<\/p>\n<p>\u201c*T\u00cb VDES\u00cbSH P\u00cbR ATDHE \u00cbSHT\u00cb SIKUR T\u00cb RILIND\u00cbSH  P\u00cbRS\u00cbRI.*<\/p>\n<p>T\u00eb nderuar miq, t\u00eb dashur familjar\u00eb,<\/p>\n<p>Sot, n\u00eb or\u00ebt e hershme t\u00eb m\u00ebngjesit erdhi nj\u00eb lajm i kobsh\u00ebm p\u00ebr familjen ton\u00eb Bunjaku nga Samdrexha e Vushtrris\u00eb. Familjari jon\u00eb *AFRIM BUNJAKU* , Toger n\u00eb policin\u00eb e Kosov\u00ebs \u00ebsht\u00eb vrar\u00eb derisa ndodhej n\u00eb detyr\u00eb, n\u00eb veriun e Kosov\u00ebs, n\u00eb mbrojtje t\u00eb integritetit territorial dhe sovranitetit t\u00eb vendit gj\u00eb t\u00eb cil\u00ebn e b\u00ebri me nder e krenari deri n\u00eb frym\u00ebn e fundit. E pik\u00eblluar familja Bunjaku nga Samadrexha e Vushtrris\u00eb\u201d, ka shkruar Bunjaku n\u00eb Facebook.<\/p>\n\n<div style=\"font-size: 0px; height: 0px; line-height: 0px; margin: 0; padding: 0; clear: both;\"><\/div>","protected":false},"excerpt":{"rendered":"<p>Afrim Bunjaku \u00ebsht\u00eb zyrtari policor q\u00eb u vra n\u00eb or\u00ebt e para t\u00eb m\u00ebngjesit t\u00eb 24 shatorit n\u00eb veri t\u00eb Kosov\u00ebs. E p\u00ebr k\u00ebt\u00eb ka reaguar familjari&#8230; <\/p>\n","protected":false},"author":1,"featured_media":3898,"comment_status":"open","ping_status":"open","sticky":false,"template":"","format":"standard","meta":{"footnotes":""},"categories":[6],"tags":[],"class_list":["post-3897","post","type-post","status-publish","format-standard","has-post-thumbnail","hentry","category-lajme"],"_links":{"self":[{"href":"https:\/\/new.findnews5.com\/index.php?rest_route=\/wp\/v2\/posts\/3897","targetHints":{"allow":["GET"]}}],"collection":[{"href":"https:\/\/new.findnews5.com\/index.php?rest_route=\/wp\/v2\/posts"}],"about":[{"href":"https:\/\/new.findnews5.com\/index.php?rest_route=\/wp\/v2\/types\/post"}],"author":[{"embeddable":true,"href":"https:\/\/new.findnews5.com\/index.php?rest_route=\/wp\/v2\/users\/1"}],"replies":[{"embeddable":true,"href":"https:\/\/new.findnews5.com\/index.php?rest_route=%2Fwp%2Fv2%2Fcomments&post=3897"}],"version-history":[{"count":0,"href":"https:\/\/new.findnews5.com\/index.php?rest_route=\/wp\/v2\/posts\/3897\/revisions"}],"wp:featuredmedia":[{"embeddable":true,"href":"https:\/\/new.findnews5.com\/index.php?rest_route=\/wp\/v2\/media\/3898"}],"wp:attachment":[{"href":"https:\/\/new.findnews5.com\/index.php?rest_route=%2Fwp%2Fv2%2Fmedia&parent=3897"}],"wp:term":[{"taxonomy":"category","embeddable":true,"href":"https:\/\/new.findnews5.com\/index.php?rest_route=%2Fwp%2Fv2%2Fcategories&post=3897"},{"taxonomy":"post_tag","embeddable":true,"href":"https:\/\/new.findnews5.com\/index.php?rest_route=%2Fwp%2Fv2%2Ftags&post=3897"}],"curies":[{"name":"wp","href":"https:\/\/api.w.org\/{rel}","templated":true}]}}