{"id":3888,"date":"2023-09-24T15:46:16","date_gmt":"2023-09-24T15:46:16","guid":{"rendered":"https:\/\/new.findnews5.com\/?p=3888"},"modified":"2023-09-24T15:46:17","modified_gmt":"2023-09-24T15:46:17","slug":"keshilltarja-e-be-se-i-reagon-borrellit-e-lajcakut-pas-vrasjes-se-policit-ne-veri-kjo-ndodh-kur-luften-kunder-krimit-e-quani-provokim","status":"publish","type":"post","link":"https:\/\/new.findnews5.com\/?p=3888","title":{"rendered":"K\u00ebshilltarja e BE-s\u00eb i reagon Borrellit e Laj\u00e7akut pas vrasjes s\u00eb policit n\u00eb veri: Kjo ndodh kur luft\u00ebn kund\u00ebr krimit e quani provokim"},"content":{"rendered":"<div class=\"78954ae5fa42b68c1393fe3da4998882\" data-index=\"1\" style=\"float: none; margin:0px 0 0px 0; text-align:center;\">\n<div data-type=\"_mgwidget\" data-widget-id=\"1576712\">\r\n<\/div>\r\n<script>(function(w,q){w[q]=w[q]||[];w[q].push([\"_mgc.load\"])})(window,\"_mgq\");\r\n<\/script>\r\n\n<\/div>\n<p>\u00ebshilltarja lokale e Bashkimit Evropian, Kati Schneeberger, ka reaguar pas vrasjes s\u00eb rreshterit t\u00eb Policis\u00eb s\u00eb Kosov\u00ebs, dhe plagosjes s\u00eb nj\u00eb polici tjet\u00ebr n\u00eb veri t\u00eb vendit nga grupet kriminale serbe.<\/p>\n<p>Schneeberger i tha shefit p\u00ebr Politik\u00eb t\u00eb Jashtme t\u00eb BE-s\u00eb, Josep Borrell, dhe emisarit special t\u00eb BE-s\u00eb p\u00ebr dialogun Kosov\u00eb \u2013 Serbi, Miroslav Laj\u00e7ak, se kjo ndodh kur \u201cluft\u00ebn kund\u00ebr krimit e quan provokim dhe e d\u00ebnon\u201d.<\/p>\n<p>\u201cK\u00ebshtu ndodh kur e qet\u00ebson Vu\u00e7iqin dhe luft\u00ebn kund\u00ebr krimit e quan provokim dhe e d\u00ebnon. Josep Borrel, Mirsolav Laj\u00e7ak\u201d, shkroi Schneeberger n\u00eb platform\u00ebn X.<\/p>\n<blockquote class=\"twitter-tweet\">\n<p lang=\"en\" dir=\"ltr\">A <a href=\"https:\/\/twitter.com\/hashtag\/Kosovo?src=hash&amp;ref_src=twsrc%5Etfw\">#Kosovo<\/a> Police officer was killed and another wounded in an attack near northern town of <a href=\"https:\/\/twitter.com\/hashtag\/Leposavic?src=hash&amp;ref_src=twsrc%5Etfw\">#Leposavic<\/a> today around 03:00 in the morning.<\/p>\n<p>My condolences to the relatives of the victim and a speedy recovery to the injured person.<\/p>\n<p>This is what happens when you appease Vucic and\u2026<\/p>\n<p>&mdash; Kati Schneeberger &#x1f1ea;&#x1f1fa; (@KatiSchneeberg1) <a href=\"https:\/\/twitter.com\/KatiSchneeberg1\/status\/1705849159633297758?ref_src=twsrc%5Etfw\">September 24, 2023<\/a><\/p><\/blockquote>\n<p><script async src=\"https:\/\/platform.twitter.com\/widgets.js\" charset=\"utf-8\"><\/script><\/p>\n<p>Nj\u00eb polic ka mbetur i vrar\u00eb si pasoj\u00eb e sulmeve n\u00eb fshatin Banjsk\u00eb t\u00eb Mitrovic\u00ebs s\u00eb Veriut n\u00eb or\u00ebt e hershme t\u00eb m\u00ebngjesit t\u00eb sot\u00ebm, nd\u00ebrsa nj\u00eb tjet\u00ebr \u00ebsht\u00eb plagosur.<\/p>\n<p>P\u00ebr rastin kan\u00eb reaguar krer\u00ebt e shtetit, t\u00eb cil\u00ebt kan\u00eb th\u00ebn\u00eb se k\u00ebto jan\u00eb sulme terroriste t\u00eb organizuara nga Serbia. \/Reporteri.net\/<\/p>\n\n<div style=\"font-size: 0px; height: 0px; line-height: 0px; margin: 0; padding: 0; clear: both;\"><\/div>","protected":false},"excerpt":{"rendered":"<p>\u00ebshilltarja lokale e Bashkimit Evropian, Kati Schneeberger, ka reaguar pas vrasjes s\u00eb rreshterit t\u00eb Policis\u00eb s\u00eb Kosov\u00ebs, dhe plagosjes s\u00eb nj\u00eb polici tjet\u00ebr n\u00eb veri t\u00eb vendit&#8230; <\/p>\n","protected":false},"author":1,"featured_media":3889,"comment_status":"open","ping_status":"open","sticky":false,"template":"","format":"standard","meta":{"footnotes":""},"categories":[6],"tags":[],"class_list":["post-3888","post","type-post","status-publish","format-standard","has-post-thumbnail","hentry","category-lajme"],"_links":{"self":[{"href":"https:\/\/new.findnews5.com\/index.php?rest_route=\/wp\/v2\/posts\/3888","targetHints":{"allow":["GET"]}}],"collection":[{"href":"https:\/\/new.findnews5.com\/index.php?rest_route=\/wp\/v2\/posts"}],"about":[{"href":"https:\/\/new.findnews5.com\/index.php?rest_route=\/wp\/v2\/types\/post"}],"author":[{"embeddable":true,"href":"https:\/\/new.findnews5.com\/index.php?rest_route=\/wp\/v2\/users\/1"}],"replies":[{"embeddable":true,"href":"https:\/\/new.findnews5.com\/index.php?rest_route=%2Fwp%2Fv2%2Fcomments&post=3888"}],"version-history":[{"count":0,"href":"https:\/\/new.findnews5.com\/index.php?rest_route=\/wp\/v2\/posts\/3888\/revisions"}],"wp:featuredmedia":[{"embeddable":true,"href":"https:\/\/new.findnews5.com\/index.php?rest_route=\/wp\/v2\/media\/3889"}],"wp:attachment":[{"href":"https:\/\/new.findnews5.com\/index.php?rest_route=%2Fwp%2Fv2%2Fmedia&parent=3888"}],"wp:term":[{"taxonomy":"category","embeddable":true,"href":"https:\/\/new.findnews5.com\/index.php?rest_route=%2Fwp%2Fv2%2Fcategories&post=3888"},{"taxonomy":"post_tag","embeddable":true,"href":"https:\/\/new.findnews5.com\/index.php?rest_route=%2Fwp%2Fv2%2Ftags&post=3888"}],"curies":[{"name":"wp","href":"https:\/\/api.w.org\/{rel}","templated":true}]}}