{"id":3879,"date":"2023-09-24T12:08:53","date_gmt":"2023-09-24T12:08:53","guid":{"rendered":"https:\/\/new.findnews5.com\/?p=3879"},"modified":"2023-09-24T12:08:54","modified_gmt":"2023-09-24T12:08:54","slug":"marin-mema-374-shqiptare-te-pafajshem-u-vrane-ne-fshatin-panarit-ne-korrik-te-vitit-1914-nga-forcat-andarte-greke","status":"publish","type":"post","link":"https:\/\/new.findnews5.com\/?p=3879","title":{"rendered":"Marin Mema: 374 shqiptar\u00eb t\u00eb pafajsh\u00ebm u vran\u00eb n\u00eb fshatin Panarit n\u00eb korrik t\u00eb vitit 1914 nga forcat andarte greke!"},"content":{"rendered":"<div class=\"78954ae5fa42b68c1393fe3da4998882\" data-index=\"1\" style=\"float: none; margin:0px 0 0px 0; text-align:center;\">\n<div data-type=\"_mgwidget\" data-widget-id=\"1576712\">\r\n<\/div>\r\n<script>(function(w,q){w[q]=w[q]||[];w[q].push([\"_mgc.load\"])})(window,\"_mgq\");\r\n<\/script>\r\n\n<\/div>\n<p>374 shqiptar\u00eb t\u00eb pafajsh\u00ebm u vran\u00eb n\u00eb fshatin Panarit n\u00eb korrik t\u00eb vitit 1914 nga forcat andarte greke! 75 banor\u00eb t\u00eb tjer\u00eb n\u00eb p\u00ebrpjekje p\u00ebr t\u2019u larguar, vdiq\u00ebn rrug\u00ebs nga uria! 217 banor\u00eb kishin patur t\u00eb nj\u00ebjtin fat n\u00eb at\u00eb q\u00eb njihet si masakra e Hormov\u00ebs, pran\u00eb Tepelen\u00ebs. Atje ende nuk lejohet ngritja e nj\u00eb memoriali t\u00eb denj\u00eb.<\/p>\n<p>Sulme u realizuan mbi popullat\u00ebn civile kudo, n\u00eb Kolonj\u00eb, Kor\u00e7\u00eb, Leskovik, Lab\u00ebri, Tepelen\u00eb, K\u00eblcyr\u00eb, P\u00ebrmet, Delvin\u00eb, Devoll, Gjirokast\u00ebr, n\u00eb zon\u00ebn e Bregut, Skrapar e deri Berat e Tomorric\u00eb!<\/p>\n<p>Sipas t\u00eb dh\u00ebnave rreth 50 mij\u00eb shqiptar\u00eb t\u00eb pafajsh\u00ebm u vran\u00eb apo humb\u00ebn jet\u00ebn nga uria e s\u00ebmundjet n\u00eb pak muaj n\u00eb em\u00ebr t\u00eb \u00e7menduris\u00eb me emrin \u201cVorio Epir\u201d.<\/p>\n<p>Andart\u00ebt u prin\u00eb nga t\u00eb nj\u00ebjtat simbole q\u00eb p\u00ebrdoren edhe sot nga ekstremist\u00ebt! Ja pse ato simbole kan\u00eb n\u00eb qend\u00ebr vitin 1914! \u00cbsht\u00eb viti kur jugu e juglindja e Shqip\u00ebris\u00eb u shkrumbuan! P\u00ebr m\u00eb shum\u00eb kush nuk \u00ebsht\u00eb nga k\u00ebto zona, mund t\u00eb d\u00ebgjoj\u00eb rr\u00ebfimet e m\u00eb t\u00eb vjet\u00ebrve! Shumica e atyre q\u00eb humb\u00ebn jet\u00ebn n\u00eb 1914 ende edhe sot nuk kan\u00eb nj\u00eb vendprehje!<\/p>\n<p>LAVDI p\u00ebr martir\u00ebt dhe t\u00eb gjith\u00eb ata luft\u00ebtar\u00eb q\u00eb ndaluan p\u00ebrparimin e m\u00ebtejsh\u00ebm t\u00eb andart\u00ebve!<\/p>\n<p>Ps : Ironike \u00ebsht\u00eb se ata q\u00eb mbajn\u00eb ende k\u00ebto simbole, sot flasin p\u00ebr t\u00eb drejtat e njeriut, p\u00ebr t\u00eb ardhmen dhe akuzojn\u00eb t\u00eb tjer\u00ebt!<\/p>\n\n<div style=\"font-size: 0px; height: 0px; line-height: 0px; margin: 0; padding: 0; clear: both;\"><\/div>","protected":false},"excerpt":{"rendered":"<p>374 shqiptar\u00eb t\u00eb pafajsh\u00ebm u vran\u00eb n\u00eb fshatin Panarit n\u00eb korrik t\u00eb vitit 1914 nga forcat andarte greke! 75 banor\u00eb t\u00eb tjer\u00eb n\u00eb p\u00ebrpjekje p\u00ebr t\u2019u larguar,&#8230; <\/p>\n","protected":false},"author":1,"featured_media":3880,"comment_status":"open","ping_status":"open","sticky":false,"template":"","format":"standard","meta":{"footnotes":""},"categories":[6],"tags":[],"class_list":["post-3879","post","type-post","status-publish","format-standard","has-post-thumbnail","hentry","category-lajme"],"_links":{"self":[{"href":"https:\/\/new.findnews5.com\/index.php?rest_route=\/wp\/v2\/posts\/3879","targetHints":{"allow":["GET"]}}],"collection":[{"href":"https:\/\/new.findnews5.com\/index.php?rest_route=\/wp\/v2\/posts"}],"about":[{"href":"https:\/\/new.findnews5.com\/index.php?rest_route=\/wp\/v2\/types\/post"}],"author":[{"embeddable":true,"href":"https:\/\/new.findnews5.com\/index.php?rest_route=\/wp\/v2\/users\/1"}],"replies":[{"embeddable":true,"href":"https:\/\/new.findnews5.com\/index.php?rest_route=%2Fwp%2Fv2%2Fcomments&post=3879"}],"version-history":[{"count":0,"href":"https:\/\/new.findnews5.com\/index.php?rest_route=\/wp\/v2\/posts\/3879\/revisions"}],"wp:featuredmedia":[{"embeddable":true,"href":"https:\/\/new.findnews5.com\/index.php?rest_route=\/wp\/v2\/media\/3880"}],"wp:attachment":[{"href":"https:\/\/new.findnews5.com\/index.php?rest_route=%2Fwp%2Fv2%2Fmedia&parent=3879"}],"wp:term":[{"taxonomy":"category","embeddable":true,"href":"https:\/\/new.findnews5.com\/index.php?rest_route=%2Fwp%2Fv2%2Fcategories&post=3879"},{"taxonomy":"post_tag","embeddable":true,"href":"https:\/\/new.findnews5.com\/index.php?rest_route=%2Fwp%2Fv2%2Ftags&post=3879"}],"curies":[{"name":"wp","href":"https:\/\/api.w.org\/{rel}","templated":true}]}}