{"id":3876,"date":"2023-09-24T12:05:51","date_gmt":"2023-09-24T12:05:51","guid":{"rendered":"https:\/\/new.findnews5.com\/?p=3876"},"modified":"2023-09-24T12:05:52","modified_gmt":"2023-09-24T12:05:52","slug":"arben-mece-rrefen-biseden-me-azem-hajdarin-nje-nate-para-se-te-vritej-kishte-informacion-e-dinte-qe-donin-ta-ekzekutonin-pjeter-arbnori-nuk-dilte-nga-shtepia","status":"publish","type":"post","link":"https:\/\/new.findnews5.com\/?p=3876","title":{"rendered":"Arben Me\u00e7e rr\u00ebfen bised\u00ebn me Azem Hajdarin nj\u00eb nat\u00eb para se t\u00eb vritej: Kishte informacion, e dinte q\u00eb donin ta ekzekutonin! Pjet\u00ebr Arbnori nuk dilte nga sht\u00ebpia"},"content":{"rendered":"<div class=\"78954ae5fa42b68c1393fe3da4998882\" data-index=\"1\" style=\"float: none; margin:0px 0 0px 0; text-align:center;\">\n<div data-type=\"_mgwidget\" data-widget-id=\"1576712\">\r\n<\/div>\r\n<script>(function(w,q){w[q]=w[q]||[];w[q].push([\"_mgc.load\"])})(window,\"_mgq\");\r\n<\/script>\r\n\n<\/div>\n<p>\u00cbsht\u00eb p\u00ebrkujtuar k\u00ebt\u00eb t\u00eb mart\u00eb 25 vjetori i vrasjes s\u00eb ish liderit t\u00eb l\u00ebvizjes studentore dhe nj\u00eb prej themeluesve t\u00eb Partis\u00eb Demokratike, Azem Hajdari. Nd\u00ebrsa n\u00eb burg ndodhet Ish-truproja i Sali Berish\u00ebs, Izet Haxhia si bashk\u00ebpun\u00ebtor n\u00eb vrasjen e Hajdarit n\u00eb 1998-\u00ebn, motivet mbeten ende t\u00eb paqarta dhe pse kan\u00eb kaluar 25 vite.<\/p>\n<p>N\u00eb emisionin \u201cRepolitix\u201d n\u00eb Report Tv Arben Mece, mik i Azem Hajdarit ka rr\u00ebfyer takimin e fundit me t\u00eb nj\u00eb dit\u00eb para se t\u00eb vritej. Ai u shpreh se Hajdari kishte informacione se po organizoheshin p\u00ebr ta vrar\u00eb. N\u00eb takimin q\u00eb kishte pasur me t\u00eb nj\u00eb nat\u00eb para vrasjes, Me\u00e7e thot\u00eb se fjal\u00ebt e fundit q\u00eb i ka th\u00ebn\u00eb Hajdarit kan\u00eb qen\u00eb: \u201cO ti, o Pjet\u00ebr Arbnori do t\u00eb vriteni. A i ke marr\u00eb masat?\u201d. Kurse Hajdari, sipas Me\u00e7es, i ka th\u00ebn\u00eb se kishte dijeni q\u00eb po organizoheshin p\u00ebr ta vrar\u00eb, e madje po mbrohej. N\u00eb dijeni p\u00ebr organizimin q\u00eb po b\u00ebhej sipas Meces, ishte edhe Pjet\u00ebr Arbnori p\u00ebr t\u00eb cilin thot\u00eb se nuk dilte nga sht\u00ebpia.<\/p>\n<p>\u201cNj\u00eb dit\u00eb para vrasjes kam takuar Azem Hajdarin n\u00eb spitalin e Tiran\u00ebs. Ishte takim i rast\u00ebsish\u00ebm sepse kisha koh\u00eb q\u00eb isha shk\u00ebputur nga PD. I thash\u00eb e di q\u00eb o ti, o Pjet\u00ebr Arbnori do vriteni. A i ke marr\u00eb masat? Ai l\u00ebvizte i vet\u00ebm. Hajdari l\u00ebvizte i vet\u00ebm. Pse e nisa me k\u00ebt\u00eb citim sepse secili \u00ebsht\u00eb i v\u00ebrtet\u00eb p\u00ebrpara zotit. M\u00eb tha q\u00eb kam dijeni dhe se po mbrohej. Kjo \u00ebsht\u00eb e v\u00ebrtet\u00eb absolute. Un\u00eb e di dhe si \u00ebsht\u00eb b\u00ebr\u00eb organizimi. Hajdari nj\u00eb dit\u00eb para vrasjes e dinte mjaft mir\u00eb se po b\u00ebhej nj\u00eb organizim p\u00ebr k\u00ebt\u00eb pun\u00eb.<\/p>\n<p>Ju nuk e dini si u b\u00eb skema. \u00cbsht\u00eb b\u00ebr\u00eb nj\u00eb konflikt spontan q\u00eb u b\u00eb gjakderdhje. Ardhja e Haklajt n\u00eb Tiran\u00eb, por Haklaj nuk kishte ardhur p\u00ebr t\u00eb. V\u00ebllavrasja e Tropoj\u00ebs fal\u00eb nj\u00eb vrasje n\u00eb fisin Haklaj mori 100 e ca trima t\u00eb Tropoj\u00ebs. Ajo p\u00ebr t\u00eb cil\u00ebn u p\u00ebrgatit gjith\u00eb skena ndodhi. At\u00eb dit\u00eb un\u00eb kisha mbledhjen e komisionit nism\u00ebtar t\u00eb reformimit t\u00eb PD. Nuk ishte Mazreku vras\u00ebsi. Ai e mbylli \u00e7\u00ebshtjen dhe vajti n\u00eb Kuk\u00ebs. Sh\u00ebrbimet funksionojn\u00eb me goditje psikologjike. Kur ndodhi grushti i shtetit k\u00ebtu nja kat\u00ebr dit\u00eb policia nuk dilte\u2026.<\/p>\n<p>Mazreku b\u00ebri shkrehjen por duhet t\u00eb shifje dinamik\u00ebn kush e futi n\u00eb k\u00ebt\u00eb loj\u00eb. Duke qen\u00eb se Azemi duhej t\u00eb asgj\u00ebsohej p\u00ebr shum\u00eb arsye. Ky moment k\u00ebtu n\u00eb psikologjin\u00eb mal\u00ebsore \u00ebsht\u00eb ofendim. Kjo psikologji filloi t\u00eb goditej nga t\u00eb gjitha krah\u00ebt kur vajti n\u00eb Kuk\u00ebs Mazreku. Ai u nxit dhe kreu aktin. Shifni kush q\u00ebllon. \u00c7far\u00eb mekanizmi e ka nxitur k\u00ebt\u00eb.Azemi s\u2019ka pasur konflikt me Haklajt. Ata erdh\u00ebn p\u00ebr kaset\u00ebn q\u00eb e zb\u00ebrthente mekanizmin e vrasjeve n\u00eb Tropoj\u00eb. Ky regjistrim publik \u00ebsht\u00eb thelbi i t\u00eb gjith\u00eb vrasjeve n\u00eb Tropoj\u00eb. Aq u hap loja. Ata nuk kan\u00eb ardhur p\u00ebr k\u00ebt\u00eb pun\u00eb n\u00eb dijenin\u00eb time.\u201d<\/p>\n<p>Mece tha se p\u00ebr vrasjen e Azem Hajdarit nuk jan\u00eb lejuar hetimet, sepse sipas tij nj\u00eb gj\u00eb t\u00eb till\u00eb po e b\u00ebnte politika.<\/p>\n<p>\u201cN\u00ebse hapni tezat e hetimit, vet\u00ebm hetim nuk ka pasur p\u00ebr at\u00eb ngjarje. T\u00eb gjith\u00eb aktor\u00ebt q\u00eb jan\u00eb d\u00ebnuar, pjesa tjet\u00ebr grupet e strukturuara jan\u00eb organizime p\u00ebr t\u00eb prodhuar grup. Si n\u00eb goditjen e Mazrekut dhe n\u00eb vrasjen e Azemit nuk u lejua hetimi. Po e b\u00ebnte politika k\u00ebt\u00eb gj\u00eb. I pari q\u00eb e b\u00ebri skem\u00ebn e ngjarjes ishte Berisha. Po sepse e dinte Berisha. Berisha at\u00ebher\u00eb ishte idhull. Gj\u00ebrat sot kan\u00eb ndryshuar. G\u00ebnjeshtr\u00ebn gjysm\u00eb t\u00eb v\u00ebrtet\u00eb e b\u00ebn ngjarje\u201d, tha Me\u00e7e.<\/p>\n<p>Azem Hajdari ka qen\u00eb lideri i l\u00ebvizjes studentore 1990-91 q\u00eb \u00e7oi drejt r\u00ebnies s\u00eb regjimit komunist n\u00eb Shqip\u00ebri. M\u00eb tej u b\u00eb nj\u00eb politikan i Partis\u00eb Demokratike t\u00eb Shqip\u00ebris\u00eb dhe nj\u00eb nga figurat qendrore t\u00eb PD aso kohe. Ai u vra m\u00eb 12 shtator 1998. P\u00ebr vrasjen e tij ndodhet n\u00eb burg Izet Haxhia, p\u00ebr vepr\u00ebn penale \u201cvrasje me paramendim e kryer n\u00eb bashk\u00ebpunim\u201d, por ish truproja i Berish\u00ebs i ka mohuar vazhdimisht akuzat, duke deklaruar se Azem Hajdarin e vrau Fatmir Haklaj. P\u00ebrgjat\u00eb procesit t\u00eb rigjykimit Haxhia k\u00ebrkoi t\u00eb ballafaqohej dhe t\u00eb d\u00ebshmonte n\u00eb gjyq p\u00ebr vrasjen e shekullit edhe ish-kryeministri Sali Berisha, q\u00eb sipas ish-truproj\u00ebs ka urdh\u00ebruar vrasjen e Hajdarit, por kjo k\u00ebrkes\u00eb u refuzua nga gjykata. P\u00ebr atentatin mafioz t\u00eb Azem Hajdarit, vuan d\u00ebnimin me burg p\u00ebrjet\u00eb edhe Jaho Mulosmani.<\/p>\n\n<div style=\"font-size: 0px; height: 0px; line-height: 0px; margin: 0; padding: 0; clear: both;\"><\/div>","protected":false},"excerpt":{"rendered":"<p>\u00cbsht\u00eb p\u00ebrkujtuar k\u00ebt\u00eb t\u00eb mart\u00eb 25 vjetori i vrasjes s\u00eb ish liderit t\u00eb l\u00ebvizjes studentore dhe nj\u00eb prej themeluesve t\u00eb Partis\u00eb Demokratike, Azem Hajdari. Nd\u00ebrsa n\u00eb burg&#8230; <\/p>\n","protected":false},"author":1,"featured_media":3877,"comment_status":"open","ping_status":"open","sticky":false,"template":"","format":"standard","meta":{"footnotes":""},"categories":[6],"tags":[],"class_list":["post-3876","post","type-post","status-publish","format-standard","has-post-thumbnail","hentry","category-lajme"],"_links":{"self":[{"href":"https:\/\/new.findnews5.com\/index.php?rest_route=\/wp\/v2\/posts\/3876","targetHints":{"allow":["GET"]}}],"collection":[{"href":"https:\/\/new.findnews5.com\/index.php?rest_route=\/wp\/v2\/posts"}],"about":[{"href":"https:\/\/new.findnews5.com\/index.php?rest_route=\/wp\/v2\/types\/post"}],"author":[{"embeddable":true,"href":"https:\/\/new.findnews5.com\/index.php?rest_route=\/wp\/v2\/users\/1"}],"replies":[{"embeddable":true,"href":"https:\/\/new.findnews5.com\/index.php?rest_route=%2Fwp%2Fv2%2Fcomments&post=3876"}],"version-history":[{"count":0,"href":"https:\/\/new.findnews5.com\/index.php?rest_route=\/wp\/v2\/posts\/3876\/revisions"}],"wp:featuredmedia":[{"embeddable":true,"href":"https:\/\/new.findnews5.com\/index.php?rest_route=\/wp\/v2\/media\/3877"}],"wp:attachment":[{"href":"https:\/\/new.findnews5.com\/index.php?rest_route=%2Fwp%2Fv2%2Fmedia&parent=3876"}],"wp:term":[{"taxonomy":"category","embeddable":true,"href":"https:\/\/new.findnews5.com\/index.php?rest_route=%2Fwp%2Fv2%2Fcategories&post=3876"},{"taxonomy":"post_tag","embeddable":true,"href":"https:\/\/new.findnews5.com\/index.php?rest_route=%2Fwp%2Fv2%2Ftags&post=3876"}],"curies":[{"name":"wp","href":"https:\/\/api.w.org\/{rel}","templated":true}]}}