{"id":3873,"date":"2023-09-24T12:02:07","date_gmt":"2023-09-24T12:02:07","guid":{"rendered":"https:\/\/new.findnews5.com\/?p=3873"},"modified":"2023-09-24T12:02:08","modified_gmt":"2023-09-24T12:02:08","slug":"florjan-binaj-edhe-jezu-krishti-te-vije-ketu-shqiptaret-nuk-do-i-besojne-komenti-juaj","status":"publish","type":"post","link":"https:\/\/new.findnews5.com\/?p=3873","title":{"rendered":"Florjan Binaj: Edhe Jezu Krishti t\u00eb vij\u00eb k\u00ebtu, shqiptar\u00ebt nuk do i besojn\u00eb! Komenti juaj?"},"content":{"rendered":"<div class=\"78954ae5fa42b68c1393fe3da4998882\" data-index=\"1\" style=\"float: none; margin:0px 0 0px 0; text-align:center;\">\n<div data-type=\"_mgwidget\" data-widget-id=\"1576712\">\r\n<\/div>\r\n<script>(function(w,q){w[q]=w[q]||[];w[q].push([\"_mgc.load\"])})(window,\"_mgq\");\r\n<\/script>\r\n\n<\/div>\n<p>Aktori dhe moderatori Florjan Binaj, \u00ebsht\u00eb shprehur se me politik\u00ebn dhe politikan\u00ebt q\u00eb vendi yn\u00eb po p\u00ebrballet \u00ebsht\u00eb krijuar nj\u00eb frym\u00eb mosbesimi. I ftuar n\u00eb \u201cOpinion\u201d, Binaj tha se n\u00eb vendin ton\u00eb edhe Jezu Krishti t\u00eb vij\u00eb, shqiptar\u00ebt nuk do i besojn\u00eb.<\/p>\n<p>Teksa ishte duke folur p\u00ebr L\u00ebvizjen \u201cShqip\u00ebria B\u00ebhet\u201d Binaj theksoi se n\u00eb k\u00ebt\u00eb l\u00ebvizje ka njer\u00ebs t\u00eb cil\u00ebt kan\u00eb dh\u00ebn\u00eb kontrubutin e tyre n\u00eb shoq\u00ebi.<\/p>\n<p>\u201c\u00cbsht\u00eb plot\u00ebsisht e drejt\u00eb ajo mosbesia q\u00eb \u00ebsht\u00eb gjithandej lart e posht\u00eb p\u00ebr k\u00ebt\u00eb vend. Fakti q\u00eb ne po themi t\u00eb nj\u00ebjtat gj\u00ebra q\u00eb kan\u00eb th\u00ebn\u00eb dhe ata para nesh \u00ebsht\u00eb fakti q\u00eb ata i kan\u00eb th\u00ebn\u00eb dhe nuk i kan\u00eb b\u00ebr\u00eb. Se politikan\u00ebt n\u00eb Shqip\u00ebri thon\u00eb \u00e7far\u00eb nuk b\u00ebjn\u00eb dhe b\u00ebjn\u00eb \u00e7far\u00eb nuk thon\u00eb. K\u00ebtu edhe Jezu Krishti t\u00eb vij\u00eb nuk i besojn\u00eb, e marrin n\u00ebp\u00ebr k\u00ebmb\u00eb, e \u00e7ojn\u00eb andej k\u00ebndej, e b\u00ebjn\u00eb p\u00ebr budalla e k\u00ebtej me radh\u00eb.<\/p>\n<p>Ne secili kemi mbi 1 dekad\u00eb p\u00ebrvoj\u00eb. Un\u00eb kam gati 20 vite p\u00ebrvoj\u00eb kontribut n\u00eb fush\u00ebn time, Edlira po ashtu m\u00eb shum\u00eb se 20 vite n\u00eb fush\u00ebn e saj, Adriatiku gati 20 vite n\u00eb fush\u00ebn e tij\u2026 Ne kemi b\u00ebr\u00eb k\u00ebt\u00eb dhe po vijm\u00eb n\u00eb k\u00ebt\u00eb pik\u00eb. Gjith\u00eb pjesa tjet\u00ebr q\u00eb po na krahasojn\u00eb dhe po na ven\u00eb n\u00eb peshore e kan\u00eb filluar nga kjo pika e fundit dhe e kan\u00eb b\u00ebr\u00eb karrier\u00ebn mbrapa\u201d, tha Binaj.<\/p>\n\n<div style=\"font-size: 0px; height: 0px; line-height: 0px; margin: 0; padding: 0; clear: both;\"><\/div>","protected":false},"excerpt":{"rendered":"<p>Aktori dhe moderatori Florjan Binaj, \u00ebsht\u00eb shprehur se me politik\u00ebn dhe politikan\u00ebt q\u00eb vendi yn\u00eb po p\u00ebrballet \u00ebsht\u00eb krijuar nj\u00eb frym\u00eb mosbesimi. I ftuar n\u00eb \u201cOpinion\u201d, Binaj&#8230; <\/p>\n","protected":false},"author":1,"featured_media":3874,"comment_status":"open","ping_status":"open","sticky":false,"template":"","format":"standard","meta":{"footnotes":""},"categories":[6],"tags":[],"class_list":["post-3873","post","type-post","status-publish","format-standard","has-post-thumbnail","hentry","category-lajme"],"_links":{"self":[{"href":"https:\/\/new.findnews5.com\/index.php?rest_route=\/wp\/v2\/posts\/3873","targetHints":{"allow":["GET"]}}],"collection":[{"href":"https:\/\/new.findnews5.com\/index.php?rest_route=\/wp\/v2\/posts"}],"about":[{"href":"https:\/\/new.findnews5.com\/index.php?rest_route=\/wp\/v2\/types\/post"}],"author":[{"embeddable":true,"href":"https:\/\/new.findnews5.com\/index.php?rest_route=\/wp\/v2\/users\/1"}],"replies":[{"embeddable":true,"href":"https:\/\/new.findnews5.com\/index.php?rest_route=%2Fwp%2Fv2%2Fcomments&post=3873"}],"version-history":[{"count":0,"href":"https:\/\/new.findnews5.com\/index.php?rest_route=\/wp\/v2\/posts\/3873\/revisions"}],"wp:featuredmedia":[{"embeddable":true,"href":"https:\/\/new.findnews5.com\/index.php?rest_route=\/wp\/v2\/media\/3874"}],"wp:attachment":[{"href":"https:\/\/new.findnews5.com\/index.php?rest_route=%2Fwp%2Fv2%2Fmedia&parent=3873"}],"wp:term":[{"taxonomy":"category","embeddable":true,"href":"https:\/\/new.findnews5.com\/index.php?rest_route=%2Fwp%2Fv2%2Fcategories&post=3873"},{"taxonomy":"post_tag","embeddable":true,"href":"https:\/\/new.findnews5.com\/index.php?rest_route=%2Fwp%2Fv2%2Ftags&post=3873"}],"curies":[{"name":"wp","href":"https:\/\/api.w.org\/{rel}","templated":true}]}}