{"id":3870,"date":"2023-09-24T09:58:02","date_gmt":"2023-09-24T09:58:02","guid":{"rendered":"https:\/\/new.findnews5.com\/?p=3870"},"modified":"2023-09-24T09:58:05","modified_gmt":"2023-09-24T09:58:05","slug":"polici-i-vrare-mberriti-pa-shenja-jete-ne-spital-keshtu-erdhi-deri-te-shkembimi-i-zjarreve-ne-veri-video","status":"publish","type":"post","link":"https:\/\/new.findnews5.com\/?p=3870","title":{"rendered":"Polici i vrar\u00eb mb\u00ebrriti pa shenja jete n\u00eb spital \u2013 k\u00ebshtu erdhi deri te shk\u00ebmbimi i zjarreve n\u00eb veri (VIDEO)"},"content":{"rendered":"<div class=\"78954ae5fa42b68c1393fe3da4998882\" data-index=\"1\" style=\"float: none; margin:0px 0 0px 0; text-align:center;\">\n<div data-type=\"_mgwidget\" data-widget-id=\"1576712\">\r\n<\/div>\r\n<script>(function(w,q){w[q]=w[q]||[];w[q].push([\"_mgc.load\"])})(window,\"_mgq\");\r\n<\/script>\r\n\n<\/div>\n\n<p>Polici i vrar\u00eb dhe ai i plagosur s\u00eb pari jan\u00eb d\u00ebrguar n\u00eb emergjenc\u00ebn e Spitalit t\u00eb Mitrovic\u00ebs, ku sipas gazetarit Haris Ademi, polici tashm\u00eb i vrar\u00eb ka mb\u00ebrritur pa shenja jete n\u00eb spital.<\/p>\n\n\n\n<p>Sipas t\u00eb dh\u00ebnave ende t\u00eb pakonfirmuara, deri te shk\u00ebmbimi i zjarreve ka ardhur pasi thuhet se nj\u00eb grup i armatosur e kan\u00eb bllokuar magjistralen q\u00eb shpie nga Mitrovica p\u00ebr n\u00eb Leposaviq dhe e kan\u00eb sulmuar me arm\u00eb vetur\u00ebn zyrtare t\u00eb policis\u00eb, n\u00eb t\u00eb cil\u00ebn gjendeshin polic\u00ebt e Kosov\u00ebs.<\/p>\n\n\n\n<p>Grupi sulmues \u00ebsht\u00eb fshehur p\u00ebr n\u00eb Manastirin e Banjsk\u00ebs dhe ende ka t\u00eb sht\u00ebna arm\u00ebsh mes tyre dhe policis\u00eb s\u00eb Kosov\u00ebs.<\/p>\n\n\n\n<p>Nd\u00ebrsa, zyrtari i plagosur \u00ebsht\u00eb d\u00ebrguar n\u00eb Qendr\u00ebn Klinike Universitare p\u00ebr trajtim t\u00eb m\u00ebtutjesh\u00ebm.<\/p>\n\n\n\n<p>https:\/\/www.facebook.com\/plugins\/video.php?height=314&#038;href=https%3A%2F%2Fwww.facebook.com%2FKlanKosovaOfficial1%2Fvideos%2F314403124597767%2F&#038;show_text=false&#038;width=560&#038;t=0<\/p>\n\n<div style=\"font-size: 0px; height: 0px; line-height: 0px; margin: 0; padding: 0; clear: both;\"><\/div>","protected":false},"excerpt":{"rendered":"<p>Polici i vrar\u00eb dhe ai i plagosur s\u00eb pari jan\u00eb d\u00ebrguar n\u00eb emergjenc\u00ebn e Spitalit t\u00eb Mitrovic\u00ebs, ku sipas gazetarit Haris Ademi, polici tashm\u00eb i vrar\u00eb ka&#8230; <\/p>\n","protected":false},"author":1,"featured_media":3866,"comment_status":"open","ping_status":"open","sticky":false,"template":"","format":"standard","meta":{"footnotes":""},"categories":[6],"tags":[],"class_list":["post-3870","post","type-post","status-publish","format-standard","has-post-thumbnail","hentry","category-lajme"],"_links":{"self":[{"href":"https:\/\/new.findnews5.com\/index.php?rest_route=\/wp\/v2\/posts\/3870","targetHints":{"allow":["GET"]}}],"collection":[{"href":"https:\/\/new.findnews5.com\/index.php?rest_route=\/wp\/v2\/posts"}],"about":[{"href":"https:\/\/new.findnews5.com\/index.php?rest_route=\/wp\/v2\/types\/post"}],"author":[{"embeddable":true,"href":"https:\/\/new.findnews5.com\/index.php?rest_route=\/wp\/v2\/users\/1"}],"replies":[{"embeddable":true,"href":"https:\/\/new.findnews5.com\/index.php?rest_route=%2Fwp%2Fv2%2Fcomments&post=3870"}],"version-history":[{"count":0,"href":"https:\/\/new.findnews5.com\/index.php?rest_route=\/wp\/v2\/posts\/3870\/revisions"}],"wp:featuredmedia":[{"embeddable":true,"href":"https:\/\/new.findnews5.com\/index.php?rest_route=\/wp\/v2\/media\/3866"}],"wp:attachment":[{"href":"https:\/\/new.findnews5.com\/index.php?rest_route=%2Fwp%2Fv2%2Fmedia&parent=3870"}],"wp:term":[{"taxonomy":"category","embeddable":true,"href":"https:\/\/new.findnews5.com\/index.php?rest_route=%2Fwp%2Fv2%2Fcategories&post=3870"},{"taxonomy":"post_tag","embeddable":true,"href":"https:\/\/new.findnews5.com\/index.php?rest_route=%2Fwp%2Fv2%2Ftags&post=3870"}],"curies":[{"name":"wp","href":"https:\/\/api.w.org\/{rel}","templated":true}]}}