{"id":3865,"date":"2023-09-24T09:48:52","date_gmt":"2023-09-24T09:48:52","guid":{"rendered":"https:\/\/new.findnews5.com\/?p=3865"},"modified":"2023-09-24T09:48:53","modified_gmt":"2023-09-24T09:48:53","slug":"live-vritet-nje-polic-ne-veri-plagoset-nje-tjeter-video","status":"publish","type":"post","link":"https:\/\/new.findnews5.com\/?p=3865","title":{"rendered":"LIVE: Vritet nj\u00eb polic n\u00eb veri, plagoset nj\u00eb tjet\u00ebr (VIDEO)"},"content":{"rendered":"<div class=\"78954ae5fa42b68c1393fe3da4998882\" data-index=\"1\" style=\"float: none; margin:0px 0 0px 0; text-align:center;\">\n<div data-type=\"_mgwidget\" data-widget-id=\"1576712\">\r\n<\/div>\r\n<script>(function(w,q){w[q]=w[q]||[];w[q].push([\"_mgc.load\"])})(window,\"_mgq\");\r\n<\/script>\r\n\n<\/div>\n<p>Kryetari i komun\u00ebs s\u00eb Vushtrris\u00eb Ferit Idrizi, ka shkuar p\u00ebr ngush\u00ebllime n\u00eb familjen e Afrim Bunjakut, policit t\u00eb vrar\u00eb sot n\u00eb fshatin Banjsk\u00eb t\u00eb Zve\u00e7anit.<\/p>\n<p>Idrizi tha se grupet kriminale dhe terroriste ende po veprojn\u00eb n\u00eb veri.<\/p>\n<p><img loading=\"lazy\" decoding=\"async\" class=\"alignnone size-medium wp-image-3866\" src=\"http:\/\/new.findnews5.com\/wp-content\/uploads\/2023\/09\/vre-300x300.jpg\" alt=\"\" width=\"300\" height=\"300\" srcset=\"https:\/\/new.findnews5.com\/wp-content\/uploads\/2023\/09\/vre-300x300.jpg 300w, https:\/\/new.findnews5.com\/wp-content\/uploads\/2023\/09\/vre-150x150.jpg 150w, https:\/\/new.findnews5.com\/wp-content\/uploads\/2023\/09\/vre.jpg 526w\" sizes=\"auto, (max-width: 300px) 100vw, 300px\" \/><\/p>\n<p>\u201cFamilja e ka m\u00ebrzin\u00eb, por e ka edhe forc\u00ebn e shpirtit sepse jan\u00eb t\u00eb vet\u00ebdij\u00ebsh\u00ebm se sovraniteti, si n\u00eb k\u00ebt\u00eb rast mbrohet me gjak\u201d, tha Idrizi.<\/p>\n<p>P\u00ebrpos vrasjes s\u00eb policit n\u00eb veri, gjat\u00eb operacionit policor u plagos edhe nj\u00eb tjet\u00ebr.<\/p>\n<p>Polici i ndjer\u00eb barte grad\u00ebn e rreshterit dhe \u00ebsht\u00eb nga fshati Samadrexh\u00eb e Vushtrris\u00eb.\/ Klankosova.tv<\/p>\n\n<div style=\"font-size: 0px; height: 0px; line-height: 0px; margin: 0; padding: 0; clear: both;\"><\/div>","protected":false},"excerpt":{"rendered":"<p>Kryetari i komun\u00ebs s\u00eb Vushtrris\u00eb Ferit Idrizi, ka shkuar p\u00ebr ngush\u00ebllime n\u00eb familjen e Afrim Bunjakut, policit t\u00eb vrar\u00eb sot n\u00eb fshatin Banjsk\u00eb t\u00eb Zve\u00e7anit. Idrizi tha&#8230; <\/p>\n","protected":false},"author":1,"featured_media":3866,"comment_status":"open","ping_status":"open","sticky":false,"template":"","format":"standard","meta":{"footnotes":""},"categories":[6],"tags":[],"class_list":["post-3865","post","type-post","status-publish","format-standard","has-post-thumbnail","hentry","category-lajme"],"_links":{"self":[{"href":"https:\/\/new.findnews5.com\/index.php?rest_route=\/wp\/v2\/posts\/3865","targetHints":{"allow":["GET"]}}],"collection":[{"href":"https:\/\/new.findnews5.com\/index.php?rest_route=\/wp\/v2\/posts"}],"about":[{"href":"https:\/\/new.findnews5.com\/index.php?rest_route=\/wp\/v2\/types\/post"}],"author":[{"embeddable":true,"href":"https:\/\/new.findnews5.com\/index.php?rest_route=\/wp\/v2\/users\/1"}],"replies":[{"embeddable":true,"href":"https:\/\/new.findnews5.com\/index.php?rest_route=%2Fwp%2Fv2%2Fcomments&post=3865"}],"version-history":[{"count":0,"href":"https:\/\/new.findnews5.com\/index.php?rest_route=\/wp\/v2\/posts\/3865\/revisions"}],"wp:featuredmedia":[{"embeddable":true,"href":"https:\/\/new.findnews5.com\/index.php?rest_route=\/wp\/v2\/media\/3866"}],"wp:attachment":[{"href":"https:\/\/new.findnews5.com\/index.php?rest_route=%2Fwp%2Fv2%2Fmedia&parent=3865"}],"wp:term":[{"taxonomy":"category","embeddable":true,"href":"https:\/\/new.findnews5.com\/index.php?rest_route=%2Fwp%2Fv2%2Fcategories&post=3865"},{"taxonomy":"post_tag","embeddable":true,"href":"https:\/\/new.findnews5.com\/index.php?rest_route=%2Fwp%2Fv2%2Ftags&post=3865"}],"curies":[{"name":"wp","href":"https:\/\/api.w.org\/{rel}","templated":true}]}}