{"id":3828,"date":"2023-09-23T19:14:19","date_gmt":"2023-09-23T19:14:19","guid":{"rendered":"https:\/\/new.findnews5.com\/?p=3828"},"modified":"2023-09-23T19:14:20","modified_gmt":"2023-09-23T19:14:20","slug":"ky-eshte-mostra-qe-torturoi-gruan-dhe-e-mbajti-mbyllur-ne-banese-per-dy-vjet-rresht-se-lindi-vajze","status":"publish","type":"post","link":"https:\/\/new.findnews5.com\/?p=3828","title":{"rendered":"Ky \u00ebsht\u00eb MOSTRA q\u00eb torturoi gruan dhe e mbajti mbyllur n\u00eb banes\u00eb p\u00ebr dy vjet rresht se lindi vajz\u00eb"},"content":{"rendered":"<div class=\"78954ae5fa42b68c1393fe3da4998882\" data-index=\"1\" style=\"float: none; margin:0px 0 0px 0; text-align:center;\">\n<div data-type=\"_mgwidget\" data-widget-id=\"1576712\">\r\n<\/div>\r\n<script>(function(w,q){w[q]=w[q]||[];w[q].push([\"_mgc.load\"])})(window,\"_mgq\");\r\n<\/script>\r\n\n<\/div>\n<p>Ky \u00ebsht\u00eb 28-vje\u00e7ari shqiptar i cili p\u00ebr dy vite me radh\u00eb ushtroi dhun\u00eb barbare ndaj bashk\u00ebshortes s\u00eb tij dhe tentoi disa her\u00eb ta vriste.<\/p>\n<p>Aurel Kurti, nga Klosi, nisi dhun\u00ebn ndaj 22-vje\u00e7ares kur u b\u00eb e ditur gjinia e f\u00ebmij\u00ebs s\u00eb tyre pasi nuk donte vajz\u00eb!Tortura ndaj bashk\u00ebshortes u zbulua mbr\u00ebmjen e s\u00eb enjtes (21 shtator) kur fqinj\u00ebt shp\u00ebtuan t\u00eb ren\u00eb nga duart e tij, pasi po tentoi ta mbyste brenda banes\u00ebs ku jetonin.<\/p>\n<p>Aurel Kurti e kishte kapur me duar p\u00ebr qafe, por kan\u00eb qen\u00eb britmat e 22-vje\u00e7ares q\u00eb kan\u00eb mobilizuar banor\u00ebt t\u00eb cil\u00ebn kan\u00eb shkuar tek banesa duke goditur dyert me forc\u00eb p\u00ebr ta shp\u00ebtuar. N\u00eb at\u00eb moment shqiptari ka tentuar t\u00eb ik\u00eb nga dera e jashtme por \u00ebsht\u00eb kapur nga fqinj\u00ebt, t\u00eb cil\u00ebt m\u00eb pas ia dor\u00ebzuan policis\u00eb.<\/p>\n<p>Kur efektiv\u00eb hyn\u00eb brenda e gjet\u00ebn shqiptaren t\u00eb gjakosur me vajz\u00ebn 2 vje\u00e7e e gjysm\u00eb n\u00eb krah\u00eb duke e p\u00ebrqafuar.<\/p>\n<p>\u00c7ifti u martua n\u00eb Shqip\u00ebri kur vajza ishte vet\u00ebm 18 vje\u00e7, n\u00eb nj\u00eb martes\u00eb t\u00eb detyruar nga familja e saj.<\/p>\n<p>Rreth nj\u00eb vit e gjysm\u00eb m\u00eb von\u00eb ata u b\u00ebn\u00eb prind\u00ebr t\u00eb nj\u00eb vajze. Dy vite m\u00eb par\u00eb, n\u00eb vitin 2021, 28-vje\u00e7ari u shp\u00ebrngul me t\u00eb ren\u00eb dhe foshnj\u00ebn n\u00eb Greqi, n\u00eb nj\u00eb zon\u00eb pran\u00eb Volosit, ku Aurel Kurti punon si nd\u00ebrtues.<\/p>\n<p>Dhuna ndaj t\u00eb res\u00eb zgjati dy vite dhe bashk\u00ebshorti e mbajti 22-vje\u00e7arin dhe f\u00ebmij\u00ebn t\u00eb mbyllur dhe t\u00eb izoluar plot\u00ebsisht n\u00eb sht\u00ebpi, nd\u00ebrsa f\u00ebmija nuk kishte shkuar asnj\u00ebher\u00eb tek mjeku.<\/p>\n<p>N\u00eb dy vitet e izolimit, n\u00eb pes\u00eb muajt e fundit ajo nuk e pa as drit\u00ebn e diellit, pasi i ndalohej as t\u00eb dilte n\u00eb oborrin e sht\u00ebpis\u00eb.<\/p>\n<p>Gjat\u00eb gjith\u00eb k\u00ebsaj kohe ai e mbante rob. P\u00ebrve\u00e7 torturave t\u00eb tmerrshme q\u00eb p\u00ebrjetoi gruaja n\u00eb nj\u00eb sht\u00ebpi q\u00eb i ishte kthyer n\u00eb burg, bashk\u00ebshorti i saj i kishte nd\u00ebrprer\u00eb lloj nd\u00ebrveprimi shoq\u00ebror dhe e shantazhonte \u00e7do dit\u00eb.<\/p>\n<p>Ai e k\u00ebrc\u00ebnoi se do t\u00eb shkonte vet\u00eb n\u00eb Shqip\u00ebri p\u00ebr t\u00eb vrar\u00eb prind\u00ebrit e saj, n\u00ebse ajo do t\u2019u tregonte familjar\u00ebve se \u00e7far\u00eb po kalonte ose do t\u00eb p\u00ebrpiqej t\u00eb largohej.<\/p>\n\n<div style=\"font-size: 0px; height: 0px; line-height: 0px; margin: 0; padding: 0; clear: both;\"><\/div>","protected":false},"excerpt":{"rendered":"<p>Ky \u00ebsht\u00eb 28-vje\u00e7ari shqiptar i cili p\u00ebr dy vite me radh\u00eb ushtroi dhun\u00eb barbare ndaj bashk\u00ebshortes s\u00eb tij dhe tentoi disa her\u00eb ta vriste. Aurel Kurti, nga&#8230; <\/p>\n","protected":false},"author":1,"featured_media":3829,"comment_status":"open","ping_status":"open","sticky":false,"template":"","format":"standard","meta":{"footnotes":""},"categories":[6],"tags":[],"class_list":["post-3828","post","type-post","status-publish","format-standard","has-post-thumbnail","hentry","category-lajme"],"_links":{"self":[{"href":"https:\/\/new.findnews5.com\/index.php?rest_route=\/wp\/v2\/posts\/3828","targetHints":{"allow":["GET"]}}],"collection":[{"href":"https:\/\/new.findnews5.com\/index.php?rest_route=\/wp\/v2\/posts"}],"about":[{"href":"https:\/\/new.findnews5.com\/index.php?rest_route=\/wp\/v2\/types\/post"}],"author":[{"embeddable":true,"href":"https:\/\/new.findnews5.com\/index.php?rest_route=\/wp\/v2\/users\/1"}],"replies":[{"embeddable":true,"href":"https:\/\/new.findnews5.com\/index.php?rest_route=%2Fwp%2Fv2%2Fcomments&post=3828"}],"version-history":[{"count":0,"href":"https:\/\/new.findnews5.com\/index.php?rest_route=\/wp\/v2\/posts\/3828\/revisions"}],"wp:featuredmedia":[{"embeddable":true,"href":"https:\/\/new.findnews5.com\/index.php?rest_route=\/wp\/v2\/media\/3829"}],"wp:attachment":[{"href":"https:\/\/new.findnews5.com\/index.php?rest_route=%2Fwp%2Fv2%2Fmedia&parent=3828"}],"wp:term":[{"taxonomy":"category","embeddable":true,"href":"https:\/\/new.findnews5.com\/index.php?rest_route=%2Fwp%2Fv2%2Fcategories&post=3828"},{"taxonomy":"post_tag","embeddable":true,"href":"https:\/\/new.findnews5.com\/index.php?rest_route=%2Fwp%2Fv2%2Ftags&post=3828"}],"curies":[{"name":"wp","href":"https:\/\/api.w.org\/{rel}","templated":true}]}}