{"id":3819,"date":"2023-09-23T19:08:02","date_gmt":"2023-09-23T19:08:02","guid":{"rendered":"https:\/\/new.findnews5.com\/?p=3819"},"modified":"2023-09-23T19:08:02","modified_gmt":"2023-09-23T19:08:02","slug":"ngjela-deklarate-te-forte-edi-rama-ti-mbylle-me-ligj-televizionet-qe-bejne-kete-gje","status":"publish","type":"post","link":"https:\/\/new.findnews5.com\/?p=3819","title":{"rendered":"Ngjela deklarat\u00eb T\u00cb FORT\u00cb: Edi Rama t\u2019i mbyll\u00eb me ligj televizionet q\u00eb b\u00ebjn\u00eb k\u00ebt\u00eb gj\u00eb\u2026"},"content":{"rendered":"<div class=\"78954ae5fa42b68c1393fe3da4998882\" data-index=\"1\" style=\"float: none; margin:0px 0 0px 0; text-align:center;\">\n<div data-type=\"_mgwidget\" data-widget-id=\"1576712\">\r\n<\/div>\r\n<script>(function(w,q){w[q]=w[q]||[];w[q].push([\"_mgc.load\"])})(window,\"_mgq\");\r\n<\/script>\r\n\n<\/div>\n<p>Avokati Spartak Ngjela k\u00ebrkon nga kryeministri Edi Rama q\u00eb t\u2019u heq\u00eb licenc\u00ebn televizioneve q\u00eb flasin kund\u00ebr interesit komb\u00ebtar n\u00ebp\u00ebr studio.<\/p>\n<p>I ftuar n\u00eb emisionin \u201cShqip\u201d nga Rudina Xhunga, zoti Ngjela u shpreh se Edi Rama duhet t\u00eb marr\u00eb masa urgjente ndaj k\u00ebtyre televizioneve.<\/p>\n<p>\u201cNuk mund t\u00eb flas\u00eb njeri kund\u00ebr interesit komb\u00ebtar. I kam b\u00ebr\u00eb thirrje Ram\u00ebs q\u00eb t\u00eb gjitha stacionet televizive q\u00eb marrin anti-shqiptar\u00eb n\u00ebp\u00ebr studio dhe i v\u00ebn\u00eb t\u00eb flasin, duhet t\u2019u heqin licenc\u00ebn, t\u00eb mos lejoj\u00eb transmetimin e tyre. Pa ik fol nj\u00ebher\u00eb kund\u00ebr interesit komb\u00ebtar n\u00eb nj\u00eb vend per\u00ebndimor? Pse demokracia \u00ebsht\u00eb kund\u00ebr meje? Kryeministri duhet t\u2019i mbyll\u00eb. Kjo \u00ebsht\u00eb mas\u00eb n\u00eb t\u00eb gjith\u00eb bot\u00ebn. Si mund t\u2019i lejoj un\u00eb t\u00eb g\u00ebnjejn\u00eb p\u00ebr historin\u00eb e Shqip\u00ebris\u00eb, si mund t\u00eb l\u00eb nj\u00eb stacion shqiptar q\u00eb thot\u00eb: shqiptar\u00ebt nuk dihet nga kan\u00eb ardhur? Ma tha nj\u00ebri mua: \u201cJot \u00ebm\u00eb e ka b\u00ebr\u00eb.\u201d, i thash\u00eb dhe e mora p\u00ebr rreckash dhe e nxora jasht\u00eb. Kryeministri duhet ta ket\u00eb n\u00eb p\u00ebrpar\u00ebsi ket\u00eb\u201d, shprehet Ngjela.<\/p>\n\n<div style=\"font-size: 0px; height: 0px; line-height: 0px; margin: 0; padding: 0; clear: both;\"><\/div>","protected":false},"excerpt":{"rendered":"<p>Avokati Spartak Ngjela k\u00ebrkon nga kryeministri Edi Rama q\u00eb t\u2019u heq\u00eb licenc\u00ebn televizioneve q\u00eb flasin kund\u00ebr interesit komb\u00ebtar n\u00ebp\u00ebr studio. I ftuar n\u00eb emisionin \u201cShqip\u201d nga Rudina&#8230; <\/p>\n","protected":false},"author":1,"featured_media":3820,"comment_status":"open","ping_status":"open","sticky":false,"template":"","format":"standard","meta":{"footnotes":""},"categories":[6],"tags":[],"class_list":["post-3819","post","type-post","status-publish","format-standard","has-post-thumbnail","hentry","category-lajme"],"_links":{"self":[{"href":"https:\/\/new.findnews5.com\/index.php?rest_route=\/wp\/v2\/posts\/3819","targetHints":{"allow":["GET"]}}],"collection":[{"href":"https:\/\/new.findnews5.com\/index.php?rest_route=\/wp\/v2\/posts"}],"about":[{"href":"https:\/\/new.findnews5.com\/index.php?rest_route=\/wp\/v2\/types\/post"}],"author":[{"embeddable":true,"href":"https:\/\/new.findnews5.com\/index.php?rest_route=\/wp\/v2\/users\/1"}],"replies":[{"embeddable":true,"href":"https:\/\/new.findnews5.com\/index.php?rest_route=%2Fwp%2Fv2%2Fcomments&post=3819"}],"version-history":[{"count":0,"href":"https:\/\/new.findnews5.com\/index.php?rest_route=\/wp\/v2\/posts\/3819\/revisions"}],"wp:featuredmedia":[{"embeddable":true,"href":"https:\/\/new.findnews5.com\/index.php?rest_route=\/wp\/v2\/media\/3820"}],"wp:attachment":[{"href":"https:\/\/new.findnews5.com\/index.php?rest_route=%2Fwp%2Fv2%2Fmedia&parent=3819"}],"wp:term":[{"taxonomy":"category","embeddable":true,"href":"https:\/\/new.findnews5.com\/index.php?rest_route=%2Fwp%2Fv2%2Fcategories&post=3819"},{"taxonomy":"post_tag","embeddable":true,"href":"https:\/\/new.findnews5.com\/index.php?rest_route=%2Fwp%2Fv2%2Ftags&post=3819"}],"curies":[{"name":"wp","href":"https:\/\/api.w.org\/{rel}","templated":true}]}}