{"id":3812,"date":"2023-09-22T23:11:33","date_gmt":"2023-09-22T23:11:33","guid":{"rendered":"https:\/\/new.findnews5.com\/?p=3812"},"modified":"2023-09-22T23:11:34","modified_gmt":"2023-09-22T23:11:34","slug":"paloka-ironi-me-ps-nese-rama-do-ju-thoshte-te-kerceni-lakuriq-te-gjithe-jam-i-sigurte-cdo-benit","status":"publish","type":"post","link":"https:\/\/new.findnews5.com\/?p=3812","title":{"rendered":"Paloka ironi me PS: N\u00ebse Rama do ju thoshte t\u00eb k\u00ebrceni lakuriq t\u00eb gjith\u00eb, jam i sigurt\u00eb \u00e7do b\u00ebnit"},"content":{"rendered":"<div class=\"78954ae5fa42b68c1393fe3da4998882\" data-index=\"1\" style=\"float: none; margin:0px 0 0px 0; text-align:center;\">\n<div data-type=\"_mgwidget\" data-widget-id=\"1576712\">\r\n<\/div>\r\n<script>(function(w,q){w[q]=w[q]||[];w[q].push([\"_mgc.load\"])})(window,\"_mgq\");\r\n<\/script>\r\n\n<\/div>\n<p>Deputeti i Partis\u00eb Demokratike, Edi Paloka, u shpreh i revoltuar me n\u00ebnkryetaren e Kuvendit, Ermonela Felaj dhe mosleximin nga ana e saj t\u00eb k\u00ebrkes\u00ebs s\u00eb 28 deputet\u00ebve demokrat\u00eb q\u00eb njohin Gazment Bardhin, si kryetar t\u00eb grupit t\u00eb PD-s\u00eb.<\/p>\n<p>Sipas tij, gjith\u00eb situate u krijua p\u00ebr shkak t\u00eb nj\u00eb urdhri nga kreu i qeveris\u00eb, Edi Rama.<\/p>\n<p>Paloka iu drejtua me ironi deputet\u00ebve t\u00eb maxhoranc\u00ebs t\u00eb cil\u00ebt sipas tij, n\u00ebse Rama do ju thoshte t\u00eb k\u00ebrcenin t\u00eb gjith\u00eb p\u00ebrpjet\u00eb lakuriq, nuk ata do ta b\u00ebnin, por shtoi q\u00eb ajo q\u00eb po b\u00ebjn\u00eb me opozit\u00ebn \u00ebsht\u00eb e nj\u00ebjta gj\u00eb.<\/p>\n<p>\u201cSot lexuat vendimin e aleat\u00ebve tan\u00eb. Cfar\u00eb ndodh kur vjen \u00e7\u00ebshtja tek grupi parlamentar i PD? Ju jeni urdh\u00ebruar nga Rama ta b\u00ebni k\u00ebt\u00eb. Por, do ju vendos para nj\u00eb situate ju dhe gjith\u00eb koleg\u00ebve. Q\u00eb ta kuptoni se \u00e7\u2019po b\u00ebni kur zbatoni urdhrat e Ram\u00ebs.<\/p>\n<p>N\u00ebse Rama do ju thonte t\u00eb k\u00ebrceni t\u00eb gjith\u00eb p\u00ebrpjet\u00eb k\u00ebtu lakuriq, jam i sigurt\u00eb q\u00eb nuk do ta b\u00ebnit, por, ajo q\u00eb po b\u00ebni \u00ebsht\u00eb e nj\u00ebjta gj\u00eb, k\u00ebshtu q\u00eb derisa ta vazhdoni k\u00ebt\u00eb fars\u00eb mendojeni veten para shqiptar\u00ebve sikur po k\u00ebrceni lakuriq k\u00ebtu t\u00eb gjith\u00eb. L\u00ebreni fars\u00ebn me drejtorin\u00eb juridike q\u00eb paska tre jav\u00eb q\u00eb s\u2019ju jep p\u00ebrgjigje.<\/p>\n<p>Se b\u00ebheni qesharak\u00eb. E keni shumic\u00ebn ndryshojeni rregulloren, jo vet\u00ebm rregulloren por edhe Kodin Zgjedhor. Koorporat\u00ebn e keni ktu, b\u00ebjeni mo, \u00ebsht\u00eb m\u00eb e ndershme dhe p\u00ebr ju\u201d, tha Paloka nga Foltorja e Kuvendit.<\/p>\n\n<div style=\"font-size: 0px; height: 0px; line-height: 0px; margin: 0; padding: 0; clear: both;\"><\/div>","protected":false},"excerpt":{"rendered":"<p>Deputeti i Partis\u00eb Demokratike, Edi Paloka, u shpreh i revoltuar me n\u00ebnkryetaren e Kuvendit, Ermonela Felaj dhe mosleximin nga ana e saj t\u00eb k\u00ebrkes\u00ebs s\u00eb 28 deputet\u00ebve&#8230; <\/p>\n","protected":false},"author":1,"featured_media":3813,"comment_status":"open","ping_status":"open","sticky":false,"template":"","format":"standard","meta":{"footnotes":""},"categories":[6],"tags":[],"class_list":["post-3812","post","type-post","status-publish","format-standard","has-post-thumbnail","hentry","category-lajme"],"_links":{"self":[{"href":"https:\/\/new.findnews5.com\/index.php?rest_route=\/wp\/v2\/posts\/3812","targetHints":{"allow":["GET"]}}],"collection":[{"href":"https:\/\/new.findnews5.com\/index.php?rest_route=\/wp\/v2\/posts"}],"about":[{"href":"https:\/\/new.findnews5.com\/index.php?rest_route=\/wp\/v2\/types\/post"}],"author":[{"embeddable":true,"href":"https:\/\/new.findnews5.com\/index.php?rest_route=\/wp\/v2\/users\/1"}],"replies":[{"embeddable":true,"href":"https:\/\/new.findnews5.com\/index.php?rest_route=%2Fwp%2Fv2%2Fcomments&post=3812"}],"version-history":[{"count":0,"href":"https:\/\/new.findnews5.com\/index.php?rest_route=\/wp\/v2\/posts\/3812\/revisions"}],"wp:featuredmedia":[{"embeddable":true,"href":"https:\/\/new.findnews5.com\/index.php?rest_route=\/wp\/v2\/media\/3813"}],"wp:attachment":[{"href":"https:\/\/new.findnews5.com\/index.php?rest_route=%2Fwp%2Fv2%2Fmedia&parent=3812"}],"wp:term":[{"taxonomy":"category","embeddable":true,"href":"https:\/\/new.findnews5.com\/index.php?rest_route=%2Fwp%2Fv2%2Fcategories&post=3812"},{"taxonomy":"post_tag","embeddable":true,"href":"https:\/\/new.findnews5.com\/index.php?rest_route=%2Fwp%2Fv2%2Ftags&post=3812"}],"curies":[{"name":"wp","href":"https:\/\/api.w.org\/{rel}","templated":true}]}}