{"id":3806,"date":"2023-09-22T23:04:23","date_gmt":"2023-09-22T23:04:23","guid":{"rendered":"https:\/\/new.findnews5.com\/?p=3806"},"modified":"2023-09-22T23:04:24","modified_gmt":"2023-09-22T23:04:24","slug":"une-videon-e-bera-per-te-demaskuar-pushtetaret","status":"publish","type":"post","link":"https:\/\/new.findnews5.com\/?p=3806","title":{"rendered":"\u201cUn\u00eb videon e b\u00ebra p\u00ebr t\u00eb demaskuar pushtetar\u00ebt\u201d"},"content":{"rendered":"<div class=\"78954ae5fa42b68c1393fe3da4998882\" data-index=\"1\" style=\"float: none; margin:0px 0 0px 0; text-align:center;\">\n<div data-type=\"_mgwidget\" data-widget-id=\"1576712\">\r\n<\/div>\r\n<script>(function(w,q){w[q]=w[q]||[];w[q].push([\"_mgc.load\"])})(window,\"_mgq\");\r\n<\/script>\r\n\n<\/div>\n<p>Alma Ka\u00e7i: \u201cNormalisht, motivimi ishte p\u00ebr t\u00eb demaskuar nj\u00eb titullar, q\u00eb qytetar\u00ebt presin atje tek dera p\u00ebr t\u00eb qar\u00eb hallin e tyre dhe ai abuzon me zyr\u00ebn e shtetit\u201d. Tregon se tenderi rahabilitimit t\u00eb qenve ka q\u00ebn\u00eb kamuflim pasi q\u00ebllimi i saj ka q\u00ebn\u00eb deskriditimi i zyrtar\u00ebve q\u00eb abuzoj\u00ebn m\u00eb detyr\u00ebn.<\/p>\n<p>Alma Ka\u00e7i: \u201cPrezantimi i projektit dhe vet\u00eb projekti ka qen\u00eb thjesht nj\u00eb fabul\u201d.<\/p>\n<p>Ka\u00e7i prej gati 4 muajsh po p\u00ebrballet me dy sfida n\u00eb jete at\u00eb m\u00eb drejt\u00ebsin\u00eb dhe me p\u00ebrballjen me opinionin publik.<\/p>\n<p>K\u00ebrkon q\u00eb nga kjo vorbull reagimesh t\u00eb mbaj\u00eb larg djalin e mitur p\u00ebr t\u00eb cilin thot\u00eb se denoncoi abuzimet. Alma Ka\u00e7i: \u201c\u00cbsht\u00eb nj\u00eb f\u00ebmij\u00eb q\u00eb po i p\u00ebrjeton t\u00eb gjitha, pavar\u00ebsisht se nuk di gj\u00eb, sepse e kam shk\u00ebputur nga rrjetet sociale. Por jam e sigurt q\u00eb opinioni publik do t\u00eb thot\u00eb se pse nuk mendove p\u00ebr f\u00ebmij\u00ebn, e k\u00ebshtu e ashtu. Jo. Sepse ky brez i ardhsh\u00ebm t\u00eb mos ndeshen me abuzime t\u00eb tilla\u201d.<\/p>\n<p><iframe loading=\"lazy\" width=\"560\" height=\"315\" src=\"https:\/\/www.youtube.com\/embed\/B9n3oQOCuzo?si=zkjKZ9JqjbSy6uxI\" title=\"YouTube video player\" frameborder=\"0\" allow=\"accelerometer; autoplay; clipboard-write; encrypted-media; gyroscope; picture-in-picture; web-share\" allowfullscreen><\/iframe><\/p>\n\n<div style=\"font-size: 0px; height: 0px; line-height: 0px; margin: 0; padding: 0; clear: both;\"><\/div>","protected":false},"excerpt":{"rendered":"<p>Alma Ka\u00e7i: \u201cNormalisht, motivimi ishte p\u00ebr t\u00eb demaskuar nj\u00eb titullar, q\u00eb qytetar\u00ebt presin atje tek dera p\u00ebr t\u00eb qar\u00eb hallin e tyre dhe ai abuzon me zyr\u00ebn&#8230; <\/p>\n","protected":false},"author":1,"featured_media":3807,"comment_status":"open","ping_status":"open","sticky":false,"template":"","format":"standard","meta":{"footnotes":""},"categories":[6],"tags":[],"class_list":["post-3806","post","type-post","status-publish","format-standard","has-post-thumbnail","hentry","category-lajme"],"_links":{"self":[{"href":"https:\/\/new.findnews5.com\/index.php?rest_route=\/wp\/v2\/posts\/3806","targetHints":{"allow":["GET"]}}],"collection":[{"href":"https:\/\/new.findnews5.com\/index.php?rest_route=\/wp\/v2\/posts"}],"about":[{"href":"https:\/\/new.findnews5.com\/index.php?rest_route=\/wp\/v2\/types\/post"}],"author":[{"embeddable":true,"href":"https:\/\/new.findnews5.com\/index.php?rest_route=\/wp\/v2\/users\/1"}],"replies":[{"embeddable":true,"href":"https:\/\/new.findnews5.com\/index.php?rest_route=%2Fwp%2Fv2%2Fcomments&post=3806"}],"version-history":[{"count":0,"href":"https:\/\/new.findnews5.com\/index.php?rest_route=\/wp\/v2\/posts\/3806\/revisions"}],"wp:featuredmedia":[{"embeddable":true,"href":"https:\/\/new.findnews5.com\/index.php?rest_route=\/wp\/v2\/media\/3807"}],"wp:attachment":[{"href":"https:\/\/new.findnews5.com\/index.php?rest_route=%2Fwp%2Fv2%2Fmedia&parent=3806"}],"wp:term":[{"taxonomy":"category","embeddable":true,"href":"https:\/\/new.findnews5.com\/index.php?rest_route=%2Fwp%2Fv2%2Fcategories&post=3806"},{"taxonomy":"post_tag","embeddable":true,"href":"https:\/\/new.findnews5.com\/index.php?rest_route=%2Fwp%2Fv2%2Ftags&post=3806"}],"curies":[{"name":"wp","href":"https:\/\/api.w.org\/{rel}","templated":true}]}}