{"id":3800,"date":"2023-09-22T23:00:40","date_gmt":"2023-09-22T23:00:40","guid":{"rendered":"https:\/\/new.findnews5.com\/?p=3800"},"modified":"2023-09-22T23:00:42","modified_gmt":"2023-09-22T23:00:42","slug":"tirana-fshat-i-madh-i-corganizuar-sazan-guri-do-largohem-se-eshte-e-pabanueshme","status":"publish","type":"post","link":"https:\/\/new.findnews5.com\/?p=3800","title":{"rendered":"\u201cTirana, fshat i madh i \u00e7organizuar\u201d, Sazan Guri: Do largohem se \u00ebsht\u00eb e pabanueshme"},"content":{"rendered":"<div class=\"78954ae5fa42b68c1393fe3da4998882\" data-index=\"1\" style=\"float: none; margin:0px 0 0px 0; text-align:center;\">\n<div data-type=\"_mgwidget\" data-widget-id=\"1576712\">\r\n<\/div>\r\n<script>(function(w,q){w[q]=w[q]||[];w[q].push([\"_mgc.load\"])})(window,\"_mgq\");\r\n<\/script>\r\n\n<\/div>\n<p>Ambientalisti Sazan Guri tha n\u00eb emisionin \u201cGood Morning Albanians\u201d n\u00eb Euronews Albania se e ka menduar t\u00eb largohet nga Tirana.<\/p>\n<p>Ai tha se Tirana \u00ebsht\u00eb b\u00ebr\u00eb e pabanueshme, pasi raporti i betonit me gjelb\u00ebrimin \u00ebsht\u00eb p\u00ebrmbysur totalisht.<\/p>\n<p>\u201cKam menduar t\u00eb largohem nga Tirana, se Tirana \u00ebsht\u00eb e pabanueshme. Tiran\u00eb \u00ebsht\u00eb nj\u00eb fshat i madh i \u00e7organizuar.<\/p>\n<p>Djali im mori sht\u00ebpi n\u00eb kat t\u00eb 5 dhe nuk kishte pallat p\u00ebrball. Sa e blem\u00eb dhe e rregulluam sht\u00ebpin\u00eb, u nd\u00ebrtua pallati 3 metra larg. Si ka mund\u00ebsi q\u00eb nuk ka projekt vizionar q\u00eb njeriu ka nevoj\u00eb t\u00eb shikoj\u00eb hap\u00ebsir\u00eb 100 metra larg\u201d,-tha Sazan Guri.<\/p>\n\n<div style=\"font-size: 0px; height: 0px; line-height: 0px; margin: 0; padding: 0; clear: both;\"><\/div>","protected":false},"excerpt":{"rendered":"<p>Ambientalisti Sazan Guri tha n\u00eb emisionin \u201cGood Morning Albanians\u201d n\u00eb Euronews Albania se e ka menduar t\u00eb largohet nga Tirana. Ai tha se Tirana \u00ebsht\u00eb b\u00ebr\u00eb e&#8230; <\/p>\n","protected":false},"author":1,"featured_media":3801,"comment_status":"open","ping_status":"open","sticky":false,"template":"","format":"standard","meta":{"footnotes":""},"categories":[6],"tags":[],"class_list":["post-3800","post","type-post","status-publish","format-standard","has-post-thumbnail","hentry","category-lajme"],"_links":{"self":[{"href":"https:\/\/new.findnews5.com\/index.php?rest_route=\/wp\/v2\/posts\/3800","targetHints":{"allow":["GET"]}}],"collection":[{"href":"https:\/\/new.findnews5.com\/index.php?rest_route=\/wp\/v2\/posts"}],"about":[{"href":"https:\/\/new.findnews5.com\/index.php?rest_route=\/wp\/v2\/types\/post"}],"author":[{"embeddable":true,"href":"https:\/\/new.findnews5.com\/index.php?rest_route=\/wp\/v2\/users\/1"}],"replies":[{"embeddable":true,"href":"https:\/\/new.findnews5.com\/index.php?rest_route=%2Fwp%2Fv2%2Fcomments&post=3800"}],"version-history":[{"count":0,"href":"https:\/\/new.findnews5.com\/index.php?rest_route=\/wp\/v2\/posts\/3800\/revisions"}],"wp:featuredmedia":[{"embeddable":true,"href":"https:\/\/new.findnews5.com\/index.php?rest_route=\/wp\/v2\/media\/3801"}],"wp:attachment":[{"href":"https:\/\/new.findnews5.com\/index.php?rest_route=%2Fwp%2Fv2%2Fmedia&parent=3800"}],"wp:term":[{"taxonomy":"category","embeddable":true,"href":"https:\/\/new.findnews5.com\/index.php?rest_route=%2Fwp%2Fv2%2Fcategories&post=3800"},{"taxonomy":"post_tag","embeddable":true,"href":"https:\/\/new.findnews5.com\/index.php?rest_route=%2Fwp%2Fv2%2Ftags&post=3800"}],"curies":[{"name":"wp","href":"https:\/\/api.w.org\/{rel}","templated":true}]}}