{"id":3793,"date":"2023-09-22T17:55:44","date_gmt":"2023-09-22T17:55:44","guid":{"rendered":"https:\/\/new.findnews5.com\/?p=3793"},"modified":"2023-09-22T17:55:45","modified_gmt":"2023-09-22T17:55:45","slug":"alma-kaci-zbulon-nje-tjeter-skandal-te-safet-gjicit-sekretarja-dilte-nga-zyra-e-tij","status":"publish","type":"post","link":"https:\/\/new.findnews5.com\/?p=3793","title":{"rendered":"Alma Ka\u00e7i \u201czbulon\u201d nj\u00eb tjet\u00ebr SKANDAL t\u00eb Safet Gjicit: Sekretarja dilte nga zyra e tij\u2026"},"content":{"rendered":"<div class=\"78954ae5fa42b68c1393fe3da4998882\" data-index=\"1\" style=\"float: none; margin:0px 0 0px 0; text-align:center;\">\n<div data-type=\"_mgwidget\" data-widget-id=\"1576712\">\r\n<\/div>\r\n<script>(function(w,q){w[q]=w[q]||[];w[q].push([\"_mgc.load\"])})(window,\"_mgq\");\r\n<\/script>\r\n\n<\/div>\n<p>E p\u00ebrfshir\u00eb n\u00eb skandalin erotik brenda zyr\u00ebs s\u00eb Safet Gjicit, Alma Ka\u00e7i ka treguar se ka mbi 11 vite q\u00eb merret me pun\u00eb investigative.<\/p>\n<p>Gjat\u00eb nj\u00eb interviste Ka\u00e7i tha se \u00ebsht\u00eb p\u00ebr t\u00eb ardhur keq q\u00eb e gjitha u keqinterpretua, abuzuesi doli viktim\u00eb dhe viktima doli abuzues.<\/p>\n<p>\u201cU b\u00ebra e njohur p\u00ebr shkak t\u00eb nj\u00eb videoje, tani t\u00eb gjith\u00eb e din\u00eb, por m\u00eb vjen keq sepse e gjitha u keqinterpretua, abuzuesi doli viktim\u00eb dhe viktima doli abuzues.<\/p>\n<p>Un\u00eb jam marr\u00eb me pun\u00eb investigative p\u00ebr prej 11 vitesh. Sic u p\u00ebrfol n\u00eb media, \u00ebsht\u00eb e v\u00ebrtet\u00eb jam nj\u00eb aktiviste p\u00ebr t\u00eb drejtat e kafsh\u00ebve, pasi i dua shum\u00eb kafsh\u00ebt. Kam 3 vite q\u00eb i mbroj\u00eb, por nuk kam shoqat\u00eb.<br \/>\nShkova t\u00eb zyra e ish\u2013kryebashkiakut pasi kisha d\u00ebgjuar q\u00eb n\u00ebse nj\u00eb fem\u00ebr t\u2019i p\u00eblqente, direkt do b\u00ebnte ato veprime q\u00eb u demostruan n\u00eb publik,\u201d tha Alma Ka\u00e7i.<\/p>\n<p>N\u00eb d\u00ebshmin\u00eb e saj, gruaja q\u00eb u shfaq n\u00eb video-skandalin n\u00eb zyr\u00ebn e kryebashkiakut t\u00eb Kuk\u00ebsit tha me siguri se nuk \u00ebsht\u00eb hera e par\u00eb dhe e vetme q\u00eb nj\u00eb situat\u00eb e till\u00eb ka ndodhur n\u00eb zyrat e shtetit. Ajo tha me bindje se Gjici ishte abuzues dhe femrat e tjera e kan\u00eb frik\u00eb prandaj heshtin dhe nuk reagojn\u00eb.<\/p>\n<p>Ajo foli pa dorashka, teksa nuk nguroi t\u00eb p\u00ebrmend edhe sekretaren e Safet Gjicit, p\u00ebr t\u00eb cil\u00ebn tha se \u201chynte e trukuar n\u00eb zyr\u00eb dhe dilte e patrukuar.\u201d<\/p>\n<p>\u201cUn\u00eb nuk jam e para, \u00e7do fem\u00ebr atje\u2026 sepse k\u00ebtu kan\u00eb frik\u00eb t\u00eb denoncojn\u00eb dhe stepen. Un\u00eb e mora guximin dhe e demaskova nj\u00eb njeri t\u00eb till\u00eb. M\u00eb vjen keq edhe p\u00ebr sekretaren e atij, pasi hynte e trukuar dhe dilte e patrukuar. Pse ajo heshti: Pse ajo duhet ta suportonte dhe kapercente k\u00ebt\u00eb fenomen? Ne jetojm\u00eb me frik\u00eb\u2026\u201d tha Ka\u00e7i.<\/p>\n<p>Nd\u00ebrsa p\u00ebrsa i p\u00ebrket publikimit t\u00eb videos, ajo tha se gj\u00ebja e par\u00eb q\u00eb b\u00ebri ishte t\u00eb shk\u00ebpuste internetin dhe t\u2019i merrte telefonin djalit, nga frika se i biri mund t\u00eb shikonte pamjet e pap\u00ebrshtshme bruto.<\/p>\n\n<div style=\"font-size: 0px; height: 0px; line-height: 0px; margin: 0; padding: 0; clear: both;\"><\/div>","protected":false},"excerpt":{"rendered":"<p>E p\u00ebrfshir\u00eb n\u00eb skandalin erotik brenda zyr\u00ebs s\u00eb Safet Gjicit, Alma Ka\u00e7i ka treguar se ka mbi 11 vite q\u00eb merret me pun\u00eb investigative. Gjat\u00eb nj\u00eb interviste&#8230; <\/p>\n","protected":false},"author":1,"featured_media":3794,"comment_status":"open","ping_status":"open","sticky":false,"template":"","format":"standard","meta":{"footnotes":""},"categories":[6],"tags":[],"class_list":["post-3793","post","type-post","status-publish","format-standard","has-post-thumbnail","hentry","category-lajme"],"_links":{"self":[{"href":"https:\/\/new.findnews5.com\/index.php?rest_route=\/wp\/v2\/posts\/3793","targetHints":{"allow":["GET"]}}],"collection":[{"href":"https:\/\/new.findnews5.com\/index.php?rest_route=\/wp\/v2\/posts"}],"about":[{"href":"https:\/\/new.findnews5.com\/index.php?rest_route=\/wp\/v2\/types\/post"}],"author":[{"embeddable":true,"href":"https:\/\/new.findnews5.com\/index.php?rest_route=\/wp\/v2\/users\/1"}],"replies":[{"embeddable":true,"href":"https:\/\/new.findnews5.com\/index.php?rest_route=%2Fwp%2Fv2%2Fcomments&post=3793"}],"version-history":[{"count":0,"href":"https:\/\/new.findnews5.com\/index.php?rest_route=\/wp\/v2\/posts\/3793\/revisions"}],"wp:featuredmedia":[{"embeddable":true,"href":"https:\/\/new.findnews5.com\/index.php?rest_route=\/wp\/v2\/media\/3794"}],"wp:attachment":[{"href":"https:\/\/new.findnews5.com\/index.php?rest_route=%2Fwp%2Fv2%2Fmedia&parent=3793"}],"wp:term":[{"taxonomy":"category","embeddable":true,"href":"https:\/\/new.findnews5.com\/index.php?rest_route=%2Fwp%2Fv2%2Fcategories&post=3793"},{"taxonomy":"post_tag","embeddable":true,"href":"https:\/\/new.findnews5.com\/index.php?rest_route=%2Fwp%2Fv2%2Ftags&post=3793"}],"curies":[{"name":"wp","href":"https:\/\/api.w.org\/{rel}","templated":true}]}}